{"id":108153,"date":"2026-08-31T11:53:28","date_gmt":"2026-08-31T15:53:28","guid":{"rendered":"https:\/\/www.radioamigavallenar.cl\/?p=108153"},"modified":"2026-08-31T11:53:59","modified_gmt":"2026-08-31T15:53:59","slug":"freirina-se-vivio-sobre-dos-ruedas-en-una-nueva-jornada-de-ciclismo-urbano","status":"publish","type":"post","link":"https:\/\/www.radioamigavallenar.cl\/?p=108153","title":{"rendered":"En Freirina se vivi\u00f3 sobre dos ruedas en una nueva jornada de ciclismo urbano"},"content":{"rendered":"<p>Una entretenida jornada deportiva y recreativa se vivi\u00f3 en nuestra comuna con la realizaci\u00f3n de la Nocturna Urbana 5,5K \u201cA Pedal por Freirina\u201d, iniciativa impulsada por la agrupaci\u00f3n Ni Un Ciclista Menos, que reuni\u00f3 a participantes de distintas edades para recorrer las calles de la ciudad sobre dos ruedas.<\/p>\n<p>La actividad permiti\u00f3 disfrutar de Freirina desde una mirada diferente, promoviendo la actividad f\u00edsica, la vida saludable y el uso responsable de la bicicleta, en un ambiente familiar y de encuentro comunitario.<\/p>\n<p>Desde la Municipalidad de Freirina, junto a la Oficina de Turismo, valoramos este tipo de iniciativas que contribuyen a generar espacios de recreaci\u00f3n, convivencia y participaci\u00f3n, poniendo tambi\u00e9n en valor nuestra comuna y sus espacios urbanos.<\/p>\n<p>La jornada finaliz\u00f3 compartiendo una c\u00e1lida chocolatada entre quienes fueron parte de este recorrido, cerrando una tarde marcada por el deporte y la buena convivencia.<\/p>\n","protected":false},"excerpt":{"rendered":"<p>Una entretenida jornada deportiva y recreativa se vivi\u00f3 en nuestra comuna con la realizaci\u00f3n de la Nocturna Urbana 5,5K \u201cA Pedal por Freirina\u201d, iniciativa impulsada&hellip; <\/p>\n","protected":false},"author":7,"featured_media":108154,"comment_status":"closed","ping_status":"closed","sticky":false,"template":"","format":"standard","meta":{"footnotes":""},"categories":[7],"tags":[],"class_list":["post-108153","post","type-post","status-publish","format-standard","has-post-thumbnail","hentry","category-atacama"],"_links":{"self":[{"href":"https:\/\/www.radioamigavallenar.cl\/index.php?rest_route=\/wp\/v2\/posts\/108153","targetHints":{"allow":["GET"]}}],"collection":[{"href":"https:\/\/www.radioamigavallenar.cl\/index.php?rest_route=\/wp\/v2\/posts"}],"about":[{"href":"https:\/\/www.radioamigavallenar.cl\/index.php?rest_route=\/wp\/v2\/types\/post"}],"author":[{"embeddable":true,"href":"https:\/\/www.radioamigavallenar.cl\/index.php?rest_route=\/wp\/v2\/users\/7"}],"replies":[{"embeddable":true,"href":"https:\/\/www.radioamigavallenar.cl\/index.php?rest_route=%2Fwp%2Fv2%2Fcomments&post=108153"}],"version-history":[{"count":2,"href":"https:\/\/www.radioamigavallenar.cl\/index.php?rest_route=\/wp\/v2\/posts\/108153\/revisions"}],"predecessor-version":[{"id":108156,"href":"https:\/\/www.radioamigavallenar.cl\/index.php?rest_route=\/wp\/v2\/posts\/108153\/revisions\/108156"}],"wp:featuredmedia":[{"embeddable":true,"href":"https:\/\/www.radioamigavallenar.cl\/index.php?rest_route=\/wp\/v2\/media\/108154"}],"wp:attachment":[{"href":"https:\/\/www.radioamigavallenar.cl\/index.php?rest_route=%2Fwp%2Fv2%2Fmedia&parent=108153"}],"wp:term":[{"taxonomy":"category","embeddable":true,"href":"https:\/\/www.radioamigavallenar.cl\/index.php?rest_route=%2Fwp%2Fv2%2Fcategories&post=108153"},{"taxonomy":"post_tag","embeddable":true,"href":"https:\/\/www.radioamigavallenar.cl\/index.php?rest_route=%2Fwp%2Fv2%2Ftags&post=108153"}],"curies":[{"name":"wp","href":"https:\/\/api.w.org\/{rel}","templated":true}]}}