{"id":108147,"date":"2026-08-31T11:40:18","date_gmt":"2026-08-31T15:40:18","guid":{"rendered":"https:\/\/www.radioamigavallenar.cl\/?p=108147"},"modified":"2026-08-31T11:40:18","modified_gmt":"2026-08-31T15:40:18","slug":"sala-cuna-universal-senado-votara-este-martes-proyecto-que-crea-un-fondo-solidario","status":"publish","type":"post","link":"https:\/\/www.radioamigavallenar.cl\/?p=108147","title":{"rendered":"Sala cuna universal: Senado votar\u00e1 este martes proyecto que crea un fondo solidario"},"content":{"rendered":"<p>Este martes, el\u00a0<strong>Senado votar\u00e1 en Sala<\/strong>\u00a0el proyecto de ley que busca equiparar el derecho a\u00a0<strong>sala cuna\u00a0<\/strong>para trabajadoras, trabajadores e independientes, adem\u00e1s de modificar el C\u00f3digo del Trabajo en esta materia y crear un Fondo Solidario de Sala Cuna.<\/p>\n<p>La iniciativa ser\u00e1 revisada en una sesi\u00f3n ordinaria de la C\u00e1mara Alta, donde se deber\u00e1n votar las enmiendas introducidas durante su paso por las comisiones de Educaci\u00f3n y Hacienda.\u00a0<strong>Tras esta votaci\u00f3n, el proyecto debiera continuar su tramitaci\u00f3n en segundo tr\u00e1mite constitucional.<\/strong><\/p>\n<p>Cabe recordar que durante su discusi\u00f3n en la Comisi\u00f3n de Educaci\u00f3n, se modific\u00f3 el art\u00edculo 203 del C\u00f3digo del Trabajo, estableciendo que las personas trabajadoras podr\u00e1n acceder a salas cunas donde puedan dar alimento a sus hijos menores de dos a\u00f1os y dejarlos mientras se encuentren trabajando.<\/p>\n<p>El proyecto contempla adem\u00e1s la posibilidad de copago y establece que para acceder al beneficio no ser\u00e1 exigible el reconocimiento oficial de la sala cuna.<\/p>\n<p>En cuanto al financiamiento,\u00a0<strong>la iniciativa establece la creaci\u00f3n de un Fondo de Sala Cuna, que ser\u00e1 financiado mediante el Seguro de Cesant\u00eda.<\/strong><\/p>\n<p>Entre los primeros incisos relativos a la creaci\u00f3n y financiamiento del fondo, se establece que los recursos ser\u00e1n destinados a un aporte para el financiamiento de las salas cunas, definido en el art\u00edculo 3 del proyecto, adem\u00e1s de cubrir los gastos asociados a estudios destinados a determinar dicho aporte.<\/p>\n<p>Asimismo, el fondo\u00a0<strong>financiar\u00e1 los gastos necesarios para la creaci\u00f3n y administraci\u00f3n de un Sistema P\u00fablico de Registro de Salas Cunas adscritas al Fondo.<\/strong><\/p>\n<p>La iniciativa tambi\u00e9n contempla los costos de administraci\u00f3n e inversi\u00f3n del Fondo en que incurra el Servicio de Tesorer\u00edas y aquellos derivados de las funciones que la ley asigna al Instituto de Previsi\u00f3n Social, incluidos los contratos que dichas entidades celebren conforme a la normativa.<\/p>\n<p>En este \u00faltimo punto, el proyecto establece un l\u00edmite: los costos de administraci\u00f3n e inversi\u00f3n no podr\u00e1n exceder el 0,5% de las cotizaciones recaudadas en cada a\u00f1o calendario.<\/p>\n","protected":false},"excerpt":{"rendered":"<p>Este martes, el\u00a0Senado votar\u00e1 en Sala\u00a0el proyecto de ley que busca equiparar el derecho a\u00a0sala cuna\u00a0para trabajadoras, trabajadores e independientes, adem\u00e1s de modificar el C\u00f3digo&hellip; <\/p>\n","protected":false},"author":7,"featured_media":100449,"comment_status":"closed","ping_status":"closed","sticky":false,"template":"","format":"standard","meta":{"footnotes":""},"categories":[37],"tags":[],"class_list":["post-108147","post","type-post","status-publish","format-standard","has-post-thumbnail","hentry","category-nacional"],"_links":{"self":[{"href":"https:\/\/www.radioamigavallenar.cl\/index.php?rest_route=\/wp\/v2\/posts\/108147","targetHints":{"allow":["GET"]}}],"collection":[{"href":"https:\/\/www.radioamigavallenar.cl\/index.php?rest_route=\/wp\/v2\/posts"}],"about":[{"href":"https:\/\/www.radioamigavallenar.cl\/index.php?rest_route=\/wp\/v2\/types\/post"}],"author":[{"embeddable":true,"href":"https:\/\/www.radioamigavallenar.cl\/index.php?rest_route=\/wp\/v2\/users\/7"}],"replies":[{"embeddable":true,"href":"https:\/\/www.radioamigavallenar.cl\/index.php?rest_route=%2Fwp%2Fv2%2Fcomments&post=108147"}],"version-history":[{"count":1,"href":"https:\/\/www.radioamigavallenar.cl\/index.php?rest_route=\/wp\/v2\/posts\/108147\/revisions"}],"predecessor-version":[{"id":108148,"href":"https:\/\/www.radioamigavallenar.cl\/index.php?rest_route=\/wp\/v2\/posts\/108147\/revisions\/108148"}],"wp:featuredmedia":[{"embeddable":true,"href":"https:\/\/www.radioamigavallenar.cl\/index.php?rest_route=\/wp\/v2\/media\/100449"}],"wp:attachment":[{"href":"https:\/\/www.radioamigavallenar.cl\/index.php?rest_route=%2Fwp%2Fv2%2Fmedia&parent=108147"}],"wp:term":[{"taxonomy":"category","embeddable":true,"href":"https:\/\/www.radioamigavallenar.cl\/index.php?rest_route=%2Fwp%2Fv2%2Fcategories&post=108147"},{"taxonomy":"post_tag","embeddable":true,"href":"https:\/\/www.radioamigavallenar.cl\/index.php?rest_route=%2Fwp%2Fv2%2Ftags&post=108147"}],"curies":[{"name":"wp","href":"https:\/\/api.w.org\/{rel}","templated":true}]}}