{"id":108144,"date":"2026-08-31T11:31:59","date_gmt":"2026-08-31T15:31:59","guid":{"rendered":"https:\/\/www.radioamigavallenar.cl\/?p=108144"},"modified":"2026-08-31T11:31:59","modified_gmt":"2026-08-31T15:31:59","slug":"los-caminos-de-la-reforma-de-seguridad-que-deberan-analizarse-mientras-se-mantiene-congelada","status":"publish","type":"post","link":"https:\/\/www.radioamigavallenar.cl\/?p=108144","title":{"rendered":"Los caminos de la reforma de seguridad que deber\u00e1n analizarse mientras se mantiene \u00abcongelada\u00bb"},"content":{"rendered":"<p>La presidenta del Senado, Paulina N\u00fa\u00f1ez (RN), y el presidente de la Comisi\u00f3n de Constituci\u00f3n, Pedro Araya (PPD), fijaron postura en la antesala del inicio de las discusiones legislativas de la reforma de seguridad:\u00a0<strong>Los \u2018tres caminos\u2019 del tr\u00e1mite ser\u00e1n analizados mientras el proyecto del Gobierno se mantiene \u2018congelado\u2019.<\/strong><\/p>\n<p>Desde el oficialismo esperan que el ministro de Seguridad, Mart\u00edn Arrau, se mantenga defendiendo la creaci\u00f3n de un nuevo Estado de Excepci\u00f3n, pese a que la presi\u00f3n por desechar la idea y hacer cambios a las declaratorias actuales sigue tomando fuerza.<\/p>\n<p>Y es que, por mucho que la disputa se libr\u00f3 entre declaraciones a la prensa, reuniones privadas y recriminaciones entre parlamentarios y acad\u00e9micos,\u00a0<span class=\"destacador destacado\">el destino de la reforma de seguridad no puede eludir que su eventual acuerdo \u2014o posible fracaso\u2014 solo puede darse en el Senado.<\/span><\/p>\n<p>Usar la reforma como una \u2018hoja en blanco\u2019 es una opci\u00f3n para el oficialismo y la oposici\u00f3n. Propios y extra\u00f1os reconocen que un camino distinto simplemente terminar\u00e1 con la reforma de seguridad, guardada en un caj\u00f3n.<\/p>\n<p>La decisi\u00f3n es \u2018congelar\u2019 la tramitaci\u00f3n de la reforma -de la que dimos cuenta el jueves- est\u00e1 tomada. Ahora toca dedicarse a buscar que exista\u00a0<strong>\u2018agua en la piscina\u2019, con cambios sustantivos, fusi\u00f3n con otras reformas o derechamente desechando la idea de un cambio constitucional.<\/strong><\/p>\n<p>La presidenta del Senado, Paulina N\u00fa\u00f1ez, confirm\u00f3 el rumor de los \u00faltimos d\u00edas: Se pedir\u00e1 a los Comit\u00e9s del Senado el permiso para que la Comisi\u00f3n de Constituci\u00f3n del Senado tramite en general y particular el proyecto, postergando posiblemente en varias semanas o incluso meses la definitoria votaci\u00f3n en general en la sala.<\/p>\n<p>N\u00fa\u00f1ez sabe que la matem\u00e1tica no miente. Este fin de semana, en reiteradas entrevistas y declaraciones, record\u00f3 que los 29 votos son casi imposibles en este momento y que el proyecto tendr\u00e1 que cambiar casi completamente si esperan tener alguna posibilidad.<\/p>\n<p>Asimismo, indic\u00f3 que hay que concentrarse en el Estado de Excepci\u00f3n de Seguridad P\u00fablica, quien es de la idea de no crear una nueva declaratoria y fortalecer la actual.<\/p>\n<p>\u201cYo creo que hoy d\u00eda s\u00ed hay un nudo que tiene la reforma constitucional es el Estado de Excepci\u00f3n. Por lo tanto, si uno quiere avanzar, tiene que concentrarse all\u00ed para poder desatar ese nudo y,\u00a0<span class=\"destacador destacado\">a mi juicio, uno de los caminos es poder reforzar ese Estado de Emergencia que ya est\u00e1 contemplado en nuestra Constituci\u00f3n\u201d,<\/span>\u00a0expres\u00f3.<\/p>\n<p>El senador Pedro Araya (PPD) pas\u00f3 una semana en el centro de la controversia: Su expresi\u00f3n sobre la disposici\u00f3n a \u2018cruzar la vereda\u2019 le contin\u00faa valiendo cr\u00edticas internas, pero en su calidad de presidente de la Comisi\u00f3n de Constituci\u00f3n, ya plante\u00f3 opciones.<\/p>\n<p>En este contexto, pide que los cinco integrantes de la comisi\u00f3n se sienten con el gobierno a analizar tres caminos:\u00a0<strong>Retirar la reforma e ingresar una nueva, ingresar una indicaci\u00f3n que la reemplace o tramitar una reforma aparte.<\/strong><\/p>\n<p>\u201cAqu\u00ed hay varios caminos. El primero, que el Gobierno retire la reforma y se presente una nueva. La segunda es que la Comisi\u00f3n de Constituci\u00f3n pueda redactar un nuevo texto y eso se presente como una indicaci\u00f3n sustitutiva y que sea la que se discuta. Y la tercera es que la oposici\u00f3n derechamente presente una reforma distinta que puede ser tambi\u00e9n discutida en la Comisi\u00f3n de Constituci\u00f3n\u201d, dijo.<\/p>\n<h2 style=\"text-align: center;\">La oposici\u00f3n y los llamados a rechazar el texto<\/h2>\n<p>En las tres comisiones que tramitar\u00edan la reforma \u2014Constituci\u00f3n, Seguridad y Defensa\u2014 la oposici\u00f3n tiene mayor\u00eda.<\/p>\n<p>Es por esto que la senadora socialista, Paulina Vodanovic, ha llamado a\u00a0<span class=\"destacador destacado\">rechazar el texto del gobierno y tramitar reformas suyas y de otros parlamentarios.<\/span><\/p>\n<p>Por su parte, la senadora del Partido Comunista e integrante de la Comisi\u00f3n de Constituci\u00f3n, Claudia Pascual, se niega a buscar un acuerdo t\u00e9cnico con esta reforma. La califica de \u2018muy autoritaria\u2019 y dice que ese camino implicar\u00eda aprobar la idea de legislar.<\/p>\n<p>\u201cHacer un trabajo prelegislativo en base a este texto de reforma implicar\u00eda aprobar su idea de legislar y me parece que eso es muy complejo,\u00a0<strong>puesto que esto es una reforma constitucional muy autoritaria, no da cuenta de las cosas que se necesitan cambiar\u201d,<\/strong>\u00a0explic\u00f3.<\/p>\n<h2 style=\"text-align: center;\">El oficialismo y los espacios de acuerdo<\/h2>\n<p>En el oficialismo, las recriminaciones no se han apagado completamente: La cr\u00edtica sobre la falta de trabajo prelegislativo y el \u2018error no forzado\u2019 del gobierno cuando iniciaba el impulso de una nueva agenda de seguridad, sigue siendo enrostrada.<\/p>\n<p>Pese a que se han empleado tonos distintos para defender la reforma,\u00a0<strong>el senador republicano Arturo Squella se mostr\u00f3 abierto a avanzar en la agenda.<\/strong><\/p>\n<p>\u201cTomamos la propuesta. Iremos avanzando en este proyecto y en los siguientes proyectos que complementan la agenda dentro de las pr\u00f3ximas semanas\u201d, indic\u00f3.<\/p>\n<p>Bajo la misma l\u00ednea, el senador Andr\u00e9s Longton (RN) inst\u00f3 a mantener di\u00e1logos en torno a lo resolutivo.<\/p>\n<p>\u201cMe parece razonable que de esa manera se pueda tener\u00a0<span class=\"destacador destacado\">una discusi\u00f3n m\u00e1s sincera, reflexiva, entre el Gobierno y los integrantes de la Comisi\u00f3n\u201d,<\/span>\u00a0afirm\u00f3.<\/p>\n<p>En tanto, el ejecutivo dice estar abierto a cambios profundos. Sin embargo, la postura ya transmitida a los senadores oficialistas es que no quieren resignar la creaci\u00f3n de un nuevo Estado de Excepci\u00f3n.<\/p>\n<p>Las \u00fanicas ideas que tienen cierta viabilidad son las relacionadas con los\u00a0<strong>reg\u00edmenes penitenciarios especiales y la eventual redacci\u00f3n que consagre la seguridad p\u00fablica en la Constituci\u00f3n.<\/strong><\/p>\n","protected":false},"excerpt":{"rendered":"<p>La presidenta del Senado, Paulina N\u00fa\u00f1ez (RN), y el presidente de la Comisi\u00f3n de Constituci\u00f3n, Pedro Araya (PPD), fijaron postura en la antesala del inicio&hellip; <\/p>\n","protected":false},"author":7,"featured_media":108145,"comment_status":"closed","ping_status":"closed","sticky":false,"template":"","format":"standard","meta":{"footnotes":""},"categories":[37],"tags":[],"class_list":["post-108144","post","type-post","status-publish","format-standard","has-post-thumbnail","hentry","category-nacional"],"_links":{"self":[{"href":"https:\/\/www.radioamigavallenar.cl\/index.php?rest_route=\/wp\/v2\/posts\/108144","targetHints":{"allow":["GET"]}}],"collection":[{"href":"https:\/\/www.radioamigavallenar.cl\/index.php?rest_route=\/wp\/v2\/posts"}],"about":[{"href":"https:\/\/www.radioamigavallenar.cl\/index.php?rest_route=\/wp\/v2\/types\/post"}],"author":[{"embeddable":true,"href":"https:\/\/www.radioamigavallenar.cl\/index.php?rest_route=\/wp\/v2\/users\/7"}],"replies":[{"embeddable":true,"href":"https:\/\/www.radioamigavallenar.cl\/index.php?rest_route=%2Fwp%2Fv2%2Fcomments&post=108144"}],"version-history":[{"count":1,"href":"https:\/\/www.radioamigavallenar.cl\/index.php?rest_route=\/wp\/v2\/posts\/108144\/revisions"}],"predecessor-version":[{"id":108146,"href":"https:\/\/www.radioamigavallenar.cl\/index.php?rest_route=\/wp\/v2\/posts\/108144\/revisions\/108146"}],"wp:featuredmedia":[{"embeddable":true,"href":"https:\/\/www.radioamigavallenar.cl\/index.php?rest_route=\/wp\/v2\/media\/108145"}],"wp:attachment":[{"href":"https:\/\/www.radioamigavallenar.cl\/index.php?rest_route=%2Fwp%2Fv2%2Fmedia&parent=108144"}],"wp:term":[{"taxonomy":"category","embeddable":true,"href":"https:\/\/www.radioamigavallenar.cl\/index.php?rest_route=%2Fwp%2Fv2%2Fcategories&post=108144"},{"taxonomy":"post_tag","embeddable":true,"href":"https:\/\/www.radioamigavallenar.cl\/index.php?rest_route=%2Fwp%2Fv2%2Ftags&post=108144"}],"curies":[{"name":"wp","href":"https:\/\/api.w.org\/{rel}","templated":true}]}}