{"id":108141,"date":"2026-08-31T10:30:01","date_gmt":"2026-08-31T14:30:01","guid":{"rendered":"https:\/\/www.radioamigavallenar.cl\/?p=108141"},"modified":"2026-08-31T10:30:01","modified_gmt":"2026-08-31T14:30:01","slug":"produccion-industrial-tuvo-un-negativo-mes-de-julio-51","status":"publish","type":"post","link":"https:\/\/www.radioamigavallenar.cl\/?p=108141","title":{"rendered":"Producci\u00f3n industrial tuvo un negativo mes de julio: -5,1%"},"content":{"rendered":"<p>El mes de\u00a0<strong>julio<\/strong>\u00a0fue muy negativo para la\u00a0<strong>producci\u00f3n industrial, cuyo \u00edndice tuvo una variaci\u00f3n de -5,1% a 12 meses<\/strong>, por la incidencia de dos de los tres sectores que lo componen, seg\u00fan\u00a0inform\u00f3 el Instituto Nacional de Estad\u00edsticas (INE), en la v\u00edspera del reporte del Banco Central sobre el Imacec del s\u00e9ptimo mes del a\u00f1o.<\/p>\n<p><strong>El \u00cdndice de Producci\u00f3n Minera (IPMin) present\u00f3 una disminuci\u00f3n interanual de 7,2%<\/strong>, como consecuencia de la menor actividad registrada en la miner\u00eda met\u00e1lica; mientras que el \u00cdndice de Producci\u00f3n Manufacturera (IPMan) present\u00f3 un descenso de 4,9% en 12 meses, explicado en gran medida por la baja interanual de 25,9% en fabricaci\u00f3n de coque y productos de la refinaci\u00f3n del petr\u00f3leo.<\/p>\n<p>Solamente tuvo un resultado positivo, aunque m\u00ednimo, el \u00cdndice de Producci\u00f3n de Electricidad, Gas y Agua (IPEGA), que creci\u00f3 0,3% respecto de julio de 2025.<\/p>\n<p>En tanto,\u00a0<strong>el comercio anot\u00f3 una reducci\u00f3n interanual de 0,2% en julio<\/strong>, con lo que el \u00cdndice de Actividad del Comercio (IAC) acumula un alza de 3,3% durante lo que va de 2026.<\/p>\n<p>El \u00abcomercio al por mayor, excepto el de veh\u00edculos automotores y motocicletas\u00bb cay\u00f3 3,2%, marcando el \u00edndice mensual.<\/p>\n<p>En el rubo de supermercados, el indicador a precios constantes present\u00f3 un crecimiento de 2,1% en 12 meses, \u00abacumulando una expansi\u00f3n de 0,4% al s\u00e9ptimo mes del a\u00f1o\u00bb, detall\u00f3 el INE.<\/p>\n<p>Finalmente, la estad\u00edstica oficial mostr\u00f3 que el\u00a0<strong>\u00cdndice del Comercio Electr\u00f3nico Minorista (ICEM) a precios corrientes registr\u00f3 un alza de 14,8% en 12 meses<\/strong>.<\/p>\n","protected":false},"excerpt":{"rendered":"<p>El mes de\u00a0julio\u00a0fue muy negativo para la\u00a0producci\u00f3n industrial, cuyo \u00edndice tuvo una variaci\u00f3n de -5,1% a 12 meses, por la incidencia de dos de los&hellip; <\/p>\n","protected":false},"author":7,"featured_media":108142,"comment_status":"closed","ping_status":"closed","sticky":false,"template":"","format":"standard","meta":{"footnotes":""},"categories":[37],"tags":[],"class_list":["post-108141","post","type-post","status-publish","format-standard","has-post-thumbnail","hentry","category-nacional"],"_links":{"self":[{"href":"https:\/\/www.radioamigavallenar.cl\/index.php?rest_route=\/wp\/v2\/posts\/108141","targetHints":{"allow":["GET"]}}],"collection":[{"href":"https:\/\/www.radioamigavallenar.cl\/index.php?rest_route=\/wp\/v2\/posts"}],"about":[{"href":"https:\/\/www.radioamigavallenar.cl\/index.php?rest_route=\/wp\/v2\/types\/post"}],"author":[{"embeddable":true,"href":"https:\/\/www.radioamigavallenar.cl\/index.php?rest_route=\/wp\/v2\/users\/7"}],"replies":[{"embeddable":true,"href":"https:\/\/www.radioamigavallenar.cl\/index.php?rest_route=%2Fwp%2Fv2%2Fcomments&post=108141"}],"version-history":[{"count":1,"href":"https:\/\/www.radioamigavallenar.cl\/index.php?rest_route=\/wp\/v2\/posts\/108141\/revisions"}],"predecessor-version":[{"id":108143,"href":"https:\/\/www.radioamigavallenar.cl\/index.php?rest_route=\/wp\/v2\/posts\/108141\/revisions\/108143"}],"wp:featuredmedia":[{"embeddable":true,"href":"https:\/\/www.radioamigavallenar.cl\/index.php?rest_route=\/wp\/v2\/media\/108142"}],"wp:attachment":[{"href":"https:\/\/www.radioamigavallenar.cl\/index.php?rest_route=%2Fwp%2Fv2%2Fmedia&parent=108141"}],"wp:term":[{"taxonomy":"category","embeddable":true,"href":"https:\/\/www.radioamigavallenar.cl\/index.php?rest_route=%2Fwp%2Fv2%2Fcategories&post=108141"},{"taxonomy":"post_tag","embeddable":true,"href":"https:\/\/www.radioamigavallenar.cl\/index.php?rest_route=%2Fwp%2Fv2%2Ftags&post=108141"}],"curies":[{"name":"wp","href":"https:\/\/api.w.org\/{rel}","templated":true}]}}