{"id":108135,"date":"2026-08-31T00:09:19","date_gmt":"2026-08-31T04:09:19","guid":{"rendered":"https:\/\/www.radioamigavallenar.cl\/?p=108135"},"modified":"2026-08-31T00:09:19","modified_gmt":"2026-08-31T04:09:19","slug":"engie-chile-pone-en-marcha-parques-de-almacenamiento-energetico-en-la-rm-y-atacama","status":"publish","type":"post","link":"https:\/\/www.radioamigavallenar.cl\/?p=108135","title":{"rendered":"Engie Chile pone en marcha parques de almacenamiento energ\u00e9tico en la RM y Atacama"},"content":{"rendered":"<p>La compa\u00f1\u00eda Engie Chile anunci\u00f3 la entrada en operaci\u00f3n comercial (COD) de BESS Lib\u00e9lula y BESS Los Loros, iniciativas que incorporan 251 MW de almacenamiento al Sistema El\u00e9ctrico Nacional.<\/p>\n<p>Este hito permite a la empresa de distribuci\u00f3n el\u00e9ctrica alcanzar 663 MW de capacidad BESS en operaci\u00f3n en Chile, reforzando su capacidad para almacenar energ\u00eda renovable y gestionarla de manera m\u00e1s flexible seg\u00fan las necesidades del sistema.<\/p>\n<p>La puesta en marcha de ambos proyectos responde a la necesidad de contar con infraestructura que permita acompa\u00f1ar la evoluci\u00f3n del Sistema El\u00e9ctrico Nacional y contribuir a una matriz cada vez m\u00e1s limpia y competitiva.<\/p>\n<p>Juan Villavicencio, CEO de Engie Chile, destac\u00f3 que \u201cestamos construyendo la infraestructura necesaria para una nueva etapa de la transici\u00f3n energ\u00e9tica, donde no basta con incorporar m\u00e1s energ\u00edas renovables, sino que tambi\u00e9n debemos desarrollar capacidades que permitan gestionarlas de manera eficiente y segura\u201d.<\/p>\n<p>En ese sentido, el ejecutivo de la compa\u00f1\u00eda agreg\u00f3 que estos proyectos \u201cfortalecen nuestro portafolio y reafirman nuestra visi\u00f3n de consolidarnos como un actor clave en el desarrollo de un sistema el\u00e9ctrico cada vez m\u00e1s sostenible para el pa\u00eds\u201d.<\/p>\n<p>PV &amp; BESS Lib\u00e9lula: primer proyecto de Engie Chile en la RM<\/p>\n<p>Ubicado en las comunas de Colina y Tiltil, a cerca de 40 kil\u00f3metros al norte de Santiago, PV &amp; BESS Lib\u00e9lula es el primer proyecto energ\u00e9tico de ENGIE Chile en la Regi\u00f3n Metropolitana.<\/p>\n<p>El complejo representa una inversi\u00f3n en su conjunto de US$320 millones, de los cuales US$ 219 millones corresponde a BESS.<\/p>\n<p>Actualmente, su sistema de almacenamiento se encuentra en operaci\u00f3n comercial, mientras que la planta fotovoltaica est\u00e1 100% energizada y avanza en su proceso de obtenci\u00f3n del COD.<\/p>\n<p>La planta fotovoltaica cuenta con una potencia m\u00e1xima bruta de 140 MW y est\u00e1 compuesta por 245.560 paneles solares.<\/p>\n<p>Por su parte, el BESS alcanza una potencia m\u00e1xima bruta de 203 MW y una capacidad de almacenamiento de 1.034 MWh, conformado por 208 contenedores de bater\u00edas de ion litio con una autonom\u00eda de descarga de cinco horas.<\/p>\n<p>Adem\u00e1s, se trata del primer proyecto h\u00edbrido de Engie Chile concebido desde su origen para combinar generaci\u00f3n solar y almacenamiento de energ\u00eda en una misma instalaci\u00f3n.<\/p>\n<p>La capacidad del complejo equivale al suministro el\u00e9ctrico de m\u00e1s de 120 mil hogares en Chile. Para su conexi\u00f3n al Sistema El\u00e9ctrico Nacional, cuenta con una subestaci\u00f3n elevadora y una l\u00ednea de transmisi\u00f3n de 220 kV y aproximadamente 16 kil\u00f3metros de extensi\u00f3n, conectada a la Subestaci\u00f3n El Manzano.<\/p>\n<p>PV &amp; BESS Lib\u00e9lula incorpora tambi\u00e9n 2.311 seguidores solares de bajo carbono NX Horizon, desarrollados por Nextpower y fabricados con acero producido mediante tecnolog\u00eda de horno de arco el\u00e9ctrico.<\/p>\n<p>La implementaci\u00f3n de este proyecto permite reducir aproximadamente en un 30% las emisiones asociadas a estos equipos, en comparaci\u00f3n con m\u00e9todos convencionales de fabricaci\u00f3n. Se trata del primer parque fotovoltaico a gran escala de Am\u00e9rica Latina en incorporar esta tecnolog\u00eda.<\/p>\n<p>BESS Los Loros fortalece el almacenamiento de energ\u00eda solar en Atacama<\/p>\n<p>BESS Los Loros est\u00e1 ubicado en el Parque Fotovoltaico Los Loros -tambi\u00e9n propiedad de la compa\u00f1\u00eda- convirtiendo esta iniciativa de Engie en un proyecto PV+BESS. El sistema representa una inversi\u00f3n de US$ 64 millones y cuenta con 48 MW de potencia m\u00e1xima bruta y 275.23 MWh de capacidad de almacenamiento.<\/p>\n<p>La instalaci\u00f3n, ubicada en la comuna de Tierra Amarilla, Regi\u00f3n de Atacama; est\u00e1 compuesta por 63 contenedores de bater\u00edas de litio-ferrofosfato y permite almacenar energ\u00eda generada por la planta solar durante el d\u00eda para inyectarla al sistema el\u00e9ctrico en momentos de mayor demanda. Su capacidad equivale al consumo anual de aproximadamente 40 mil hogares en Chile.<\/p>\n","protected":false},"excerpt":{"rendered":"<p>La compa\u00f1\u00eda Engie Chile anunci\u00f3 la entrada en operaci\u00f3n comercial (COD) de BESS Lib\u00e9lula y BESS Los Loros, iniciativas que incorporan 251 MW de almacenamiento&hellip; <\/p>\n","protected":false},"author":7,"featured_media":108136,"comment_status":"closed","ping_status":"closed","sticky":false,"template":"","format":"standard","meta":{"footnotes":""},"categories":[38],"tags":[],"class_list":["post-108135","post","type-post","status-publish","format-standard","has-post-thumbnail","hentry","category-portada-regional"],"_links":{"self":[{"href":"https:\/\/www.radioamigavallenar.cl\/index.php?rest_route=\/wp\/v2\/posts\/108135","targetHints":{"allow":["GET"]}}],"collection":[{"href":"https:\/\/www.radioamigavallenar.cl\/index.php?rest_route=\/wp\/v2\/posts"}],"about":[{"href":"https:\/\/www.radioamigavallenar.cl\/index.php?rest_route=\/wp\/v2\/types\/post"}],"author":[{"embeddable":true,"href":"https:\/\/www.radioamigavallenar.cl\/index.php?rest_route=\/wp\/v2\/users\/7"}],"replies":[{"embeddable":true,"href":"https:\/\/www.radioamigavallenar.cl\/index.php?rest_route=%2Fwp%2Fv2%2Fcomments&post=108135"}],"version-history":[{"count":1,"href":"https:\/\/www.radioamigavallenar.cl\/index.php?rest_route=\/wp\/v2\/posts\/108135\/revisions"}],"predecessor-version":[{"id":108137,"href":"https:\/\/www.radioamigavallenar.cl\/index.php?rest_route=\/wp\/v2\/posts\/108135\/revisions\/108137"}],"wp:featuredmedia":[{"embeddable":true,"href":"https:\/\/www.radioamigavallenar.cl\/index.php?rest_route=\/wp\/v2\/media\/108136"}],"wp:attachment":[{"href":"https:\/\/www.radioamigavallenar.cl\/index.php?rest_route=%2Fwp%2Fv2%2Fmedia&parent=108135"}],"wp:term":[{"taxonomy":"category","embeddable":true,"href":"https:\/\/www.radioamigavallenar.cl\/index.php?rest_route=%2Fwp%2Fv2%2Fcategories&post=108135"},{"taxonomy":"post_tag","embeddable":true,"href":"https:\/\/www.radioamigavallenar.cl\/index.php?rest_route=%2Fwp%2Fv2%2Ftags&post=108135"}],"curies":[{"name":"wp","href":"https:\/\/api.w.org\/{rel}","templated":true}]}}