{"id":108132,"date":"2026-08-31T00:06:47","date_gmt":"2026-08-31T04:06:47","guid":{"rendered":"https:\/\/www.radioamigavallenar.cl\/?p=108132"},"modified":"2026-08-31T00:06:47","modified_gmt":"2026-08-31T04:06:47","slug":"consejo-comunal-de-seguridad-publica-fortalece-la-coordinacion-interinstitucional-en-huasco","status":"publish","type":"post","link":"https:\/\/www.radioamigavallenar.cl\/?p=108132","title":{"rendered":"Consejo comunal de seguridad p\u00fablica fortalece la coordinaci\u00f3n interinstitucional en Huasco"},"content":{"rendered":"<p>Con una activa participaci\u00f3n de las instituciones que integran el Consejo Comunal de Seguridad P\u00fablica de Huasco, durante esta jornada se desarroll\u00f3 una nueva sesi\u00f3n ordinaria, encabezada por el alcalde y presidente del Consejo, Genaro Brice\u00f1o Tapia.<\/p>\n<p>En la instancia se realiz\u00f3 un balance del desarrollo de la reciente Fiesta de San Pedro y se analiz\u00f3 la situaci\u00f3n de la comuna tras la emergencia clim\u00e1tica, junto con las acciones desplegadas para atender a las familias afectadas, reparar los da\u00f1os y avanzar en la recuperaci\u00f3n de la normalidad.<\/p>\n<p>Asimismo, se abordaron los principales alcances de la Ley N.\u00ba 21.802 de Seguridad Municipal, normativa que fortalece el rol preventivo y colaborativo de los municipios, actualiza la integraci\u00f3n y el funcionamiento de los consejos comunales de Seguridad P\u00fablica e incorpora nuevas herramientas para mejorar la coordinaci\u00f3n entre el municipio, las polic\u00edas y las instituciones competentes.<\/p>\n<p>Durante la sesi\u00f3n tambi\u00e9n se analizaron situaciones espec\u00edficas que afectan a distintos sectores de la comuna, acord\u00e1ndose acciones coordinadas para reforzar la prevenci\u00f3n, atender las inquietudes de la comunidad y avanzar en soluciones oportunas.<\/p>\n<p>La Municipalidad de Huasco contin\u00faa fortaleciendo el trabajo colaborativo y la coordinaci\u00f3n interinstitucional para contribuir a una comuna m\u00e1s segura para todas y todos.<\/p>\n","protected":false},"excerpt":{"rendered":"<p>Con una activa participaci\u00f3n de las instituciones que integran el Consejo Comunal de Seguridad P\u00fablica de Huasco, durante esta jornada se desarroll\u00f3 una nueva sesi\u00f3n&hellip; <\/p>\n","protected":false},"author":7,"featured_media":108133,"comment_status":"closed","ping_status":"closed","sticky":false,"template":"","format":"standard","meta":{"footnotes":""},"categories":[7],"tags":[],"class_list":["post-108132","post","type-post","status-publish","format-standard","has-post-thumbnail","hentry","category-atacama"],"_links":{"self":[{"href":"https:\/\/www.radioamigavallenar.cl\/index.php?rest_route=\/wp\/v2\/posts\/108132","targetHints":{"allow":["GET"]}}],"collection":[{"href":"https:\/\/www.radioamigavallenar.cl\/index.php?rest_route=\/wp\/v2\/posts"}],"about":[{"href":"https:\/\/www.radioamigavallenar.cl\/index.php?rest_route=\/wp\/v2\/types\/post"}],"author":[{"embeddable":true,"href":"https:\/\/www.radioamigavallenar.cl\/index.php?rest_route=\/wp\/v2\/users\/7"}],"replies":[{"embeddable":true,"href":"https:\/\/www.radioamigavallenar.cl\/index.php?rest_route=%2Fwp%2Fv2%2Fcomments&post=108132"}],"version-history":[{"count":1,"href":"https:\/\/www.radioamigavallenar.cl\/index.php?rest_route=\/wp\/v2\/posts\/108132\/revisions"}],"predecessor-version":[{"id":108134,"href":"https:\/\/www.radioamigavallenar.cl\/index.php?rest_route=\/wp\/v2\/posts\/108132\/revisions\/108134"}],"wp:featuredmedia":[{"embeddable":true,"href":"https:\/\/www.radioamigavallenar.cl\/index.php?rest_route=\/wp\/v2\/media\/108133"}],"wp:attachment":[{"href":"https:\/\/www.radioamigavallenar.cl\/index.php?rest_route=%2Fwp%2Fv2%2Fmedia&parent=108132"}],"wp:term":[{"taxonomy":"category","embeddable":true,"href":"https:\/\/www.radioamigavallenar.cl\/index.php?rest_route=%2Fwp%2Fv2%2Fcategories&post=108132"},{"taxonomy":"post_tag","embeddable":true,"href":"https:\/\/www.radioamigavallenar.cl\/index.php?rest_route=%2Fwp%2Fv2%2Ftags&post=108132"}],"curies":[{"name":"wp","href":"https:\/\/api.w.org\/{rel}","templated":true}]}}