{"id":108129,"date":"2026-08-31T00:04:49","date_gmt":"2026-08-31T04:04:49","guid":{"rendered":"https:\/\/www.radioamigavallenar.cl\/?p=108129"},"modified":"2026-08-31T00:04:49","modified_gmt":"2026-08-31T04:04:49","slug":"mas-de-1-300-millones-en-inversion-para-huasco-y-huasco-bajo","status":"publish","type":"post","link":"https:\/\/www.radioamigavallenar.cl\/?p=108129","title":{"rendered":"M\u00e1s de $1.300 millones en inversi\u00f3n para Huasco y Huasco Bajo"},"content":{"rendered":"<p>M\u00e1s de $1.300 millones en inversi\u00f3n para mejorar espacios comunitarios, deportivos y de encuentro de Huasco y Huasco Bajo considera un conjunto de cuatro importantes iniciativas que avanzan gracias al trabajo conjunto entre la Municipalidad de Huasco y el Gobierno Regional de Atacama.<\/p>\n<p>Los proyectos contemplan la reposici\u00f3n de la cancha de f\u00fatbol Senior Paulino Callejas, el mejoramiento de la cancha de patinaje de la poblaci\u00f3n Canto del Agua, la construcci\u00f3n de la Sede Comunitaria Adulto Mayor Siglo XXI y la habilitaci\u00f3n del Paseo Peatonal de calle Colo Colo, en Huasco Bajo.<\/p>\n<p>Gran parte de estas iniciativas corresponden a proyectos FRIL (Fondo Regional de Iniciativa Local), que permiten impulsar obras de ejecuci\u00f3n m\u00e1s acotada y con impacto directo en los distintos sectores de la comuna.<\/p>\n<p>La inversi\u00f3n permitir\u00e1 mejorar recintos deportivos, generar nuevos espacios para las personas mayores y fortalecer la infraestructura peatonal y urbana de Huasco Bajo.<\/p>\n<p>En este proceso se destac\u00f3 especialmente el trabajo de los profesionales de la Secretar\u00eda Comunal de Planificaci\u00f3n (SECPLA) de la Municipalidad de Huasco, quienes han desarrollado y gestionado t\u00e9cnicamente estas iniciativas, contribuyendo a que las necesidades planteadas por la comunidad puedan transformarse en proyectos concretos y financiables.<\/p>\n<p>La instancia cont\u00f3 con la presencia del alcalde de Huasco, Genaro Brice\u00f1o Tapia; el gobernador regional de Atacama, Miguel Vargas; consejeros regionales; concejales de la comuna; los diputados Juan Santana y Daniela Cicardini, adem\u00e1s del director de DIDECO, director de SECPLA, profesionales de SECPLA y la encargada de la Oficina del Adulto Mayor.<\/p>\n<p>Un trabajo colaborativo que permite avanzar en obras concretas para Huasco, fortaleciendo los espacios donde la comunidad se re\u00fane, practica deporte, comparte y desarrolla sus actividades.<\/p>\n","protected":false},"excerpt":{"rendered":"<p>M\u00e1s de $1.300 millones en inversi\u00f3n para mejorar espacios comunitarios, deportivos y de encuentro de Huasco y Huasco Bajo considera un conjunto de cuatro importantes&hellip; <\/p>\n","protected":false},"author":7,"featured_media":108130,"comment_status":"closed","ping_status":"closed","sticky":false,"template":"","format":"standard","meta":{"footnotes":""},"categories":[7],"tags":[],"class_list":["post-108129","post","type-post","status-publish","format-standard","has-post-thumbnail","hentry","category-atacama"],"_links":{"self":[{"href":"https:\/\/www.radioamigavallenar.cl\/index.php?rest_route=\/wp\/v2\/posts\/108129","targetHints":{"allow":["GET"]}}],"collection":[{"href":"https:\/\/www.radioamigavallenar.cl\/index.php?rest_route=\/wp\/v2\/posts"}],"about":[{"href":"https:\/\/www.radioamigavallenar.cl\/index.php?rest_route=\/wp\/v2\/types\/post"}],"author":[{"embeddable":true,"href":"https:\/\/www.radioamigavallenar.cl\/index.php?rest_route=\/wp\/v2\/users\/7"}],"replies":[{"embeddable":true,"href":"https:\/\/www.radioamigavallenar.cl\/index.php?rest_route=%2Fwp%2Fv2%2Fcomments&post=108129"}],"version-history":[{"count":1,"href":"https:\/\/www.radioamigavallenar.cl\/index.php?rest_route=\/wp\/v2\/posts\/108129\/revisions"}],"predecessor-version":[{"id":108131,"href":"https:\/\/www.radioamigavallenar.cl\/index.php?rest_route=\/wp\/v2\/posts\/108129\/revisions\/108131"}],"wp:featuredmedia":[{"embeddable":true,"href":"https:\/\/www.radioamigavallenar.cl\/index.php?rest_route=\/wp\/v2\/media\/108130"}],"wp:attachment":[{"href":"https:\/\/www.radioamigavallenar.cl\/index.php?rest_route=%2Fwp%2Fv2%2Fmedia&parent=108129"}],"wp:term":[{"taxonomy":"category","embeddable":true,"href":"https:\/\/www.radioamigavallenar.cl\/index.php?rest_route=%2Fwp%2Fv2%2Fcategories&post=108129"},{"taxonomy":"post_tag","embeddable":true,"href":"https:\/\/www.radioamigavallenar.cl\/index.php?rest_route=%2Fwp%2Fv2%2Ftags&post=108129"}],"curies":[{"name":"wp","href":"https:\/\/api.w.org\/{rel}","templated":true}]}}