{"id":108123,"date":"2026-08-31T00:01:03","date_gmt":"2026-08-31T04:01:03","guid":{"rendered":"https:\/\/www.radioamigavallenar.cl\/?p=108123"},"modified":"2026-08-30T23:57:46","modified_gmt":"2026-08-31T03:57:46","slug":"en-la-biofabrica-del-liceo-bicentenario-ramon-freire-de-freirina-estudiantes-del-establecimiento-adquirien-nuevos-conocimientos","status":"publish","type":"post","link":"https:\/\/www.radioamigavallenar.cl\/?p=108123","title":{"rendered":"En la biof\u00e1brica del Liceo Bicentenario Ram\u00f3n Freire de Freirina, estudiantes del establecimiento adquirien nuevos conocimientos"},"content":{"rendered":"<p>En la biof\u00e1brica del Liceo Bicentenario Ram\u00f3n Freire de Freirina, estudiantes del establecimiento adquirien nuevos conocimientos que complementan su formaci\u00f3n y que pueden convertirse en herramientas para su futuro.<\/p>\n<p>Esta experiencia va m\u00e1s all\u00e1 de lo t\u00e9cnico. El trabajo cotidiano en la producci\u00f3n de insectos ben\u00e9ficos para la agricultura tambi\u00e9n se transforma en una instancia para fortalecer la responsabilidad, el compa\u00f1erismo y la capacidad de trabajar en equipo, acercando a los estudiantes a una experiencia concreta de aprendizaje vinculada a la innovaci\u00f3n en la agricultura.<\/p>\n<p>Una iniciativa que es ejecutada por INIA Intihuasi y financiada por el Gobierno Regional de Atacama, en el marco del programa \u201cTransferencia Tecnol\u00f3gica para mejorar la rentabilidad de la Agricultura Familiar Campesina en la Regi\u00f3n de Atacama\u201d.<\/p>\n","protected":false},"excerpt":{"rendered":"<p>En la biof\u00e1brica del Liceo Bicentenario Ram\u00f3n Freire de Freirina, estudiantes del establecimiento adquirien nuevos conocimientos que complementan su formaci\u00f3n y que pueden convertirse en&hellip; <\/p>\n","protected":false},"author":7,"featured_media":108124,"comment_status":"closed","ping_status":"closed","sticky":false,"template":"","format":"standard","meta":{"footnotes":""},"categories":[7],"tags":[],"class_list":["post-108123","post","type-post","status-publish","format-standard","has-post-thumbnail","hentry","category-atacama"],"_links":{"self":[{"href":"https:\/\/www.radioamigavallenar.cl\/index.php?rest_route=\/wp\/v2\/posts\/108123","targetHints":{"allow":["GET"]}}],"collection":[{"href":"https:\/\/www.radioamigavallenar.cl\/index.php?rest_route=\/wp\/v2\/posts"}],"about":[{"href":"https:\/\/www.radioamigavallenar.cl\/index.php?rest_route=\/wp\/v2\/types\/post"}],"author":[{"embeddable":true,"href":"https:\/\/www.radioamigavallenar.cl\/index.php?rest_route=\/wp\/v2\/users\/7"}],"replies":[{"embeddable":true,"href":"https:\/\/www.radioamigavallenar.cl\/index.php?rest_route=%2Fwp%2Fv2%2Fcomments&post=108123"}],"version-history":[{"count":1,"href":"https:\/\/www.radioamigavallenar.cl\/index.php?rest_route=\/wp\/v2\/posts\/108123\/revisions"}],"predecessor-version":[{"id":108125,"href":"https:\/\/www.radioamigavallenar.cl\/index.php?rest_route=\/wp\/v2\/posts\/108123\/revisions\/108125"}],"wp:featuredmedia":[{"embeddable":true,"href":"https:\/\/www.radioamigavallenar.cl\/index.php?rest_route=\/wp\/v2\/media\/108124"}],"wp:attachment":[{"href":"https:\/\/www.radioamigavallenar.cl\/index.php?rest_route=%2Fwp%2Fv2%2Fmedia&parent=108123"}],"wp:term":[{"taxonomy":"category","embeddable":true,"href":"https:\/\/www.radioamigavallenar.cl\/index.php?rest_route=%2Fwp%2Fv2%2Fcategories&post=108123"},{"taxonomy":"post_tag","embeddable":true,"href":"https:\/\/www.radioamigavallenar.cl\/index.php?rest_route=%2Fwp%2Fv2%2Ftags&post=108123"}],"curies":[{"name":"wp","href":"https:\/\/api.w.org\/{rel}","templated":true}]}}