{"id":108120,"date":"2026-08-31T00:01:54","date_gmt":"2026-08-31T04:01:54","guid":{"rendered":"https:\/\/www.radioamigavallenar.cl\/?p=108120"},"modified":"2026-08-30T23:54:10","modified_gmt":"2026-08-31T03:54:10","slug":"una-entretenida-jornada-se-desarrollo-en-la-localidad-de-incahuasi-organizada-por-la-junta-de-vecinos-n15","status":"publish","type":"post","link":"https:\/\/www.radioamigavallenar.cl\/?p=108120","title":{"rendered":"Una entretenida jornada se desarroll\u00f3 en la localidad de Incahuasi, organizada por la Junta de Vecinos N\u00b015"},"content":{"rendered":"<p>Una entretenida jornada se desarroll\u00f3 en la localidad de Incahuasi, organizada por la Junta de Vecinos N\u00b015, en conjunto con la Direcci\u00f3n de Desarrollo Comunitario (DIDECO) y el Departamento de Gesti\u00f3n Territorial, a trav\u00e9s de su \u00e1rea de Ruralidad, contando con la participaci\u00f3n de su encargada, Francisca Guim\u00e9nez.<\/p>\n<p>La actividad permiti\u00f3 generar un espacio de encuentro y alegr\u00eda para los ni\u00f1os y ni\u00f1as de la localidad, fortaleciendo la participaci\u00f3n y el trabajo comunitario en los sectores rurales de nuestra comuna.<\/p>\n<p>Adem\u00e1s, invitamos a toda la comunidad a participar ma\u00f1ana domingo 30, desde las 10:00 horas, en el Estadio Nelson Rojas, donde se realizar\u00e1 una gran celebraci\u00f3n del D\u00eda de la Ni\u00f1ez, que tendr\u00e1 tambi\u00e9n un car\u00e1cter solidario en apoyo a las personas afectadas por el reciente temporal. \u00a1Los esperamos para compartir en familia y seguir construyendo comunidad!<\/p>\n","protected":false},"excerpt":{"rendered":"<p>Una entretenida jornada se desarroll\u00f3 en la localidad de Incahuasi, organizada por la Junta de Vecinos N\u00b015, en conjunto con la Direcci\u00f3n de Desarrollo Comunitario&hellip; <\/p>\n","protected":false},"author":7,"featured_media":108121,"comment_status":"closed","ping_status":"closed","sticky":false,"template":"","format":"standard","meta":{"footnotes":""},"categories":[7],"tags":[],"class_list":["post-108120","post","type-post","status-publish","format-standard","has-post-thumbnail","hentry","category-atacama"],"_links":{"self":[{"href":"https:\/\/www.radioamigavallenar.cl\/index.php?rest_route=\/wp\/v2\/posts\/108120","targetHints":{"allow":["GET"]}}],"collection":[{"href":"https:\/\/www.radioamigavallenar.cl\/index.php?rest_route=\/wp\/v2\/posts"}],"about":[{"href":"https:\/\/www.radioamigavallenar.cl\/index.php?rest_route=\/wp\/v2\/types\/post"}],"author":[{"embeddable":true,"href":"https:\/\/www.radioamigavallenar.cl\/index.php?rest_route=\/wp\/v2\/users\/7"}],"replies":[{"embeddable":true,"href":"https:\/\/www.radioamigavallenar.cl\/index.php?rest_route=%2Fwp%2Fv2%2Fcomments&post=108120"}],"version-history":[{"count":1,"href":"https:\/\/www.radioamigavallenar.cl\/index.php?rest_route=\/wp\/v2\/posts\/108120\/revisions"}],"predecessor-version":[{"id":108122,"href":"https:\/\/www.radioamigavallenar.cl\/index.php?rest_route=\/wp\/v2\/posts\/108120\/revisions\/108122"}],"wp:featuredmedia":[{"embeddable":true,"href":"https:\/\/www.radioamigavallenar.cl\/index.php?rest_route=\/wp\/v2\/media\/108121"}],"wp:attachment":[{"href":"https:\/\/www.radioamigavallenar.cl\/index.php?rest_route=%2Fwp%2Fv2%2Fmedia&parent=108120"}],"wp:term":[{"taxonomy":"category","embeddable":true,"href":"https:\/\/www.radioamigavallenar.cl\/index.php?rest_route=%2Fwp%2Fv2%2Fcategories&post=108120"},{"taxonomy":"post_tag","embeddable":true,"href":"https:\/\/www.radioamigavallenar.cl\/index.php?rest_route=%2Fwp%2Fv2%2Ftags&post=108120"}],"curies":[{"name":"wp","href":"https:\/\/api.w.org\/{rel}","templated":true}]}}