{"id":108117,"date":"2026-08-31T00:01:41","date_gmt":"2026-08-31T04:01:41","guid":{"rendered":"https:\/\/www.radioamigavallenar.cl\/?p=108117"},"modified":"2026-08-30T23:45:53","modified_gmt":"2026-08-31T03:45:53","slug":"vallenar-celebra-a-sus-ninos-y-ninas-con-una-multitudinaria-jornada-familiar","status":"publish","type":"post","link":"https:\/\/www.radioamigavallenar.cl\/?p=108117","title":{"rendered":"Vallenar celebra a sus ni\u00f1os y ni\u00f1as con una multitudinaria jornada familiar"},"content":{"rendered":"<p>Una verdadera fiesta familiar se vivi\u00f3 en Vallenar con la celebraci\u00f3n del Mes de la Ni\u00f1ez, actividad organizada por la Ilustre Municipalidad de Vallenar liderada por su alcalde Victor Isla Lutz, a trav\u00e9s de DIDECO, que congreg\u00f3 a una multitud de familias de nuestra comuna. La jornada tuvo una excelente recepci\u00f3n y estuvo marcada por la alegr\u00eda, los juegos y la participaci\u00f3n, en un hermoso domingo dedicado especialmente a nuestros ni\u00f1os y ni\u00f1as.<\/p>\n<p>Pese a las dificultades de las \u00faltimas semanas producto de la emergencia, el municipio decidi\u00f3 no dejar pasar esta celebraci\u00f3n, porque nuestros ni\u00f1os y ni\u00f1as merec\u00edan su momento especial. Una jornada llena de sonrisas que nos recuerda que Vallenar florece con su gente. Y esto reci\u00e9n comienza, se vienen nuevas actividades durante los pr\u00f3ximos d\u00edas y en septiembre, adem\u00e1s de la llegada del esperado Desierto Florido, con m\u00e1s motivos para celebrar y disfrutar en familia.<\/p>\n","protected":false},"excerpt":{"rendered":"<p>Una verdadera fiesta familiar se vivi\u00f3 en Vallenar con la celebraci\u00f3n del Mes de la Ni\u00f1ez, actividad organizada por la Ilustre Municipalidad de Vallenar liderada&hellip; <\/p>\n","protected":false},"author":7,"featured_media":108118,"comment_status":"closed","ping_status":"closed","sticky":false,"template":"","format":"standard","meta":{"footnotes":""},"categories":[7],"tags":[],"class_list":["post-108117","post","type-post","status-publish","format-standard","has-post-thumbnail","hentry","category-atacama"],"_links":{"self":[{"href":"https:\/\/www.radioamigavallenar.cl\/index.php?rest_route=\/wp\/v2\/posts\/108117","targetHints":{"allow":["GET"]}}],"collection":[{"href":"https:\/\/www.radioamigavallenar.cl\/index.php?rest_route=\/wp\/v2\/posts"}],"about":[{"href":"https:\/\/www.radioamigavallenar.cl\/index.php?rest_route=\/wp\/v2\/types\/post"}],"author":[{"embeddable":true,"href":"https:\/\/www.radioamigavallenar.cl\/index.php?rest_route=\/wp\/v2\/users\/7"}],"replies":[{"embeddable":true,"href":"https:\/\/www.radioamigavallenar.cl\/index.php?rest_route=%2Fwp%2Fv2%2Fcomments&post=108117"}],"version-history":[{"count":1,"href":"https:\/\/www.radioamigavallenar.cl\/index.php?rest_route=\/wp\/v2\/posts\/108117\/revisions"}],"predecessor-version":[{"id":108119,"href":"https:\/\/www.radioamigavallenar.cl\/index.php?rest_route=\/wp\/v2\/posts\/108117\/revisions\/108119"}],"wp:featuredmedia":[{"embeddable":true,"href":"https:\/\/www.radioamigavallenar.cl\/index.php?rest_route=\/wp\/v2\/media\/108118"}],"wp:attachment":[{"href":"https:\/\/www.radioamigavallenar.cl\/index.php?rest_route=%2Fwp%2Fv2%2Fmedia&parent=108117"}],"wp:term":[{"taxonomy":"category","embeddable":true,"href":"https:\/\/www.radioamigavallenar.cl\/index.php?rest_route=%2Fwp%2Fv2%2Fcategories&post=108117"},{"taxonomy":"post_tag","embeddable":true,"href":"https:\/\/www.radioamigavallenar.cl\/index.php?rest_route=%2Fwp%2Fv2%2Ftags&post=108117"}],"curies":[{"name":"wp","href":"https:\/\/api.w.org\/{rel}","templated":true}]}}