{"id":108114,"date":"2026-08-31T00:01:02","date_gmt":"2026-08-31T04:01:02","guid":{"rendered":"https:\/\/www.radioamigavallenar.cl\/?p=108114"},"modified":"2026-08-31T00:02:54","modified_gmt":"2026-08-31T04:02:54","slug":"universidad-de-atacama-sede-vallenar-acercando-el-emprendimiento-y-sus-oportunidades-a-las-nuevas-generaciones","status":"publish","type":"post","link":"https:\/\/www.radioamigavallenar.cl\/?p=108114","title":{"rendered":"Universidad de Atacama, sede Vallenar, Acercando el emprendimiento y sus oportunidades a las nuevas generaciones."},"content":{"rendered":"<p>Junto a PACE de la Universidad de Atacama, sede Vallenar, realizamos la charla \u201cAlternativas de Financiamiento\u201d, dirigida a estudiantes de tercero y cuarto medio de distintos establecimientos de la Provincia del Huasco.<\/p>\n<p>Durante la jornada, nuestro asesor Senior Bernardo Campos present\u00f3 principalmente los distintos fondos y programas de Sercotec, explicando qu\u00e9 alternativas existen para quienes tienen una idea de negocio o quieren comenzar a emprender, cu\u00e1les son sus principales requisitos y qu\u00e9 aspectos deben considerar para preparar una buena postulaci\u00f3n. \ud83d\ude80<\/p>\n<p>Una instancia que nos permiti\u00f3 acercar informaci\u00f3n y herramientas concretas a j\u00f3venes de nuestro territorio, gracias al trabajo colaborativo entre PACE UDA Vallenar y el Centro de Negocios Sercotec Vallenar.<\/p>\n","protected":false},"excerpt":{"rendered":"<p>Junto a PACE de la Universidad de Atacama, sede Vallenar, realizamos la charla \u201cAlternativas de Financiamiento\u201d, dirigida a estudiantes de tercero y cuarto medio de&hellip; <\/p>\n","protected":false},"author":7,"featured_media":108115,"comment_status":"closed","ping_status":"closed","sticky":false,"template":"","format":"standard","meta":{"footnotes":""},"categories":[7],"tags":[],"class_list":["post-108114","post","type-post","status-publish","format-standard","has-post-thumbnail","hentry","category-atacama"],"_links":{"self":[{"href":"https:\/\/www.radioamigavallenar.cl\/index.php?rest_route=\/wp\/v2\/posts\/108114","targetHints":{"allow":["GET"]}}],"collection":[{"href":"https:\/\/www.radioamigavallenar.cl\/index.php?rest_route=\/wp\/v2\/posts"}],"about":[{"href":"https:\/\/www.radioamigavallenar.cl\/index.php?rest_route=\/wp\/v2\/types\/post"}],"author":[{"embeddable":true,"href":"https:\/\/www.radioamigavallenar.cl\/index.php?rest_route=\/wp\/v2\/users\/7"}],"replies":[{"embeddable":true,"href":"https:\/\/www.radioamigavallenar.cl\/index.php?rest_route=%2Fwp%2Fv2%2Fcomments&post=108114"}],"version-history":[{"count":1,"href":"https:\/\/www.radioamigavallenar.cl\/index.php?rest_route=\/wp\/v2\/posts\/108114\/revisions"}],"predecessor-version":[{"id":108116,"href":"https:\/\/www.radioamigavallenar.cl\/index.php?rest_route=\/wp\/v2\/posts\/108114\/revisions\/108116"}],"wp:featuredmedia":[{"embeddable":true,"href":"https:\/\/www.radioamigavallenar.cl\/index.php?rest_route=\/wp\/v2\/media\/108115"}],"wp:attachment":[{"href":"https:\/\/www.radioamigavallenar.cl\/index.php?rest_route=%2Fwp%2Fv2%2Fmedia&parent=108114"}],"wp:term":[{"taxonomy":"category","embeddable":true,"href":"https:\/\/www.radioamigavallenar.cl\/index.php?rest_route=%2Fwp%2Fv2%2Fcategories&post=108114"},{"taxonomy":"post_tag","embeddable":true,"href":"https:\/\/www.radioamigavallenar.cl\/index.php?rest_route=%2Fwp%2Fv2%2Ftags&post=108114"}],"curies":[{"name":"wp","href":"https:\/\/api.w.org\/{rel}","templated":true}]}}