{"id":108111,"date":"2026-08-31T00:01:56","date_gmt":"2026-08-31T04:01:56","guid":{"rendered":"https:\/\/www.radioamigavallenar.cl\/?p=108111"},"modified":"2026-08-30T23:31:15","modified_gmt":"2026-08-31T03:31:15","slug":"freirina-monitorea-rutas-estrategicas-para-la-pequena-mineria-en-el-sector-capote","status":"publish","type":"post","link":"https:\/\/www.radioamigavallenar.cl\/?p=108111","title":{"rendered":"Freirina monitorea rutas estrat\u00e9gicas para la peque\u00f1a miner\u00eda en el sector Capote"},"content":{"rendered":"<p data-id=\"jTBOgR\" data-pm-slice=\"1 1 []\">La Seremi de Miner\u00eda de Atacama realiz\u00f3 un recorrido por las rutas C-442 y C-452, consideradas v\u00edas relevantes para el transporte de mineral y la actividad de la peque\u00f1a miner\u00eda en la comuna de Freirina.<\/p>\n<p data-id=\"au7Ym7\">El seremi de Miner\u00eda de Atacama, Jonathan Carmona, inform\u00f3 sobre un monitoreo en terreno del estado y despeje de ambas rutas, con el objetivo de evaluar sus condiciones y contribuir a mantener la conectividad de un sector donde se concentra actividad minera de peque\u00f1a escala.<\/p>\n<p data-id=\"S7Zano\">Durante la visita, la autoridad tambi\u00e9n recorri\u00f3 faenas del sector Capote y sostuvo conversaciones con productores para conocer las principales dificultades que enfrenta actualmente el sector y abordar las medidas de fomento impulsadas por el Ministerio de Miner\u00eda para apoyar su reactivaci\u00f3n econ\u00f3mica.<\/p>\n<p data-id=\"3RNPUI\">La inspecci\u00f3n se enmarca en el trabajo territorial que desarrolla la Seremi de Miner\u00eda en la Regi\u00f3n de Atacama, especialmente en zonas donde la conectividad de los caminos resulta relevante para el traslado de trabajadores, insumos y producci\u00f3n minera.<\/p>\n<p data-id=\"EbfDl9\">Para Freirina, estas rutas tienen importancia no solo por su funci\u00f3n de conexi\u00f3n, sino tambi\u00e9n por su relaci\u00f3n directa con una actividad productiva que forma parte de la econom\u00eda y de la identidad hist\u00f3rica de la comuna.<\/p>\n<p data-id=\"4NTRWJ\">La autoridad se\u00f1al\u00f3 que este tipo de recorridos permite conocer directamente las condiciones de las v\u00edas y recoger desde los propios productores los desaf\u00edos que enfrenta la peque\u00f1a miner\u00eda en el territorio.<\/p>\n","protected":false},"excerpt":{"rendered":"<p>La Seremi de Miner\u00eda de Atacama realiz\u00f3 un recorrido por las rutas C-442 y C-452, consideradas v\u00edas relevantes para el transporte de mineral y la&hellip; <\/p>\n","protected":false},"author":7,"featured_media":108112,"comment_status":"closed","ping_status":"closed","sticky":false,"template":"","format":"standard","meta":{"footnotes":""},"categories":[7],"tags":[],"class_list":["post-108111","post","type-post","status-publish","format-standard","has-post-thumbnail","hentry","category-atacama"],"_links":{"self":[{"href":"https:\/\/www.radioamigavallenar.cl\/index.php?rest_route=\/wp\/v2\/posts\/108111","targetHints":{"allow":["GET"]}}],"collection":[{"href":"https:\/\/www.radioamigavallenar.cl\/index.php?rest_route=\/wp\/v2\/posts"}],"about":[{"href":"https:\/\/www.radioamigavallenar.cl\/index.php?rest_route=\/wp\/v2\/types\/post"}],"author":[{"embeddable":true,"href":"https:\/\/www.radioamigavallenar.cl\/index.php?rest_route=\/wp\/v2\/users\/7"}],"replies":[{"embeddable":true,"href":"https:\/\/www.radioamigavallenar.cl\/index.php?rest_route=%2Fwp%2Fv2%2Fcomments&post=108111"}],"version-history":[{"count":1,"href":"https:\/\/www.radioamigavallenar.cl\/index.php?rest_route=\/wp\/v2\/posts\/108111\/revisions"}],"predecessor-version":[{"id":108113,"href":"https:\/\/www.radioamigavallenar.cl\/index.php?rest_route=\/wp\/v2\/posts\/108111\/revisions\/108113"}],"wp:featuredmedia":[{"embeddable":true,"href":"https:\/\/www.radioamigavallenar.cl\/index.php?rest_route=\/wp\/v2\/media\/108112"}],"wp:attachment":[{"href":"https:\/\/www.radioamigavallenar.cl\/index.php?rest_route=%2Fwp%2Fv2%2Fmedia&parent=108111"}],"wp:term":[{"taxonomy":"category","embeddable":true,"href":"https:\/\/www.radioamigavallenar.cl\/index.php?rest_route=%2Fwp%2Fv2%2Fcategories&post=108111"},{"taxonomy":"post_tag","embeddable":true,"href":"https:\/\/www.radioamigavallenar.cl\/index.php?rest_route=%2Fwp%2Fv2%2Ftags&post=108111"}],"curies":[{"name":"wp","href":"https:\/\/api.w.org\/{rel}","templated":true}]}}