{"id":108105,"date":"2026-08-31T00:00:46","date_gmt":"2026-08-31T04:00:46","guid":{"rendered":"https:\/\/www.radioamigavallenar.cl\/?p=108105"},"modified":"2026-08-30T23:26:59","modified_gmt":"2026-08-31T03:26:59","slug":"volcamiento-de-vehiculo-mayor-en-la-ruta-5-dejo-un-lesionado-en-vallenar","status":"publish","type":"post","link":"https:\/\/www.radioamigavallenar.cl\/?p=108105","title":{"rendered":"Volcamiento de veh\u00edculo mayor en la Ruta 5 dej\u00f3 un lesionado en Vallenar"},"content":{"rendered":"<p>Una persona result\u00f3 lesionada tras el volcamiento de un veh\u00edculo mayor registrado durante la ma\u00f1ana de este s\u00e1bado en la Ruta 5, a la altura del kil\u00f3metro 575,900, en la comuna de Vallenar, Regi\u00f3n de Atacama.<\/p>\n<div class=\"code-block code-block-3\">\n<div id=\"sas_99069\"><\/div>\n<\/div>\n<p>De acuerdo con informaci\u00f3n de SENAPRED Atacama, el accidente ocurri\u00f3 en la calzada con direcci\u00f3n de sur a norte y provoc\u00f3 una interrupci\u00f3n de la conectividad en ese tramo de la carretera.<\/p>\n<p>El lesionado fue atendido en el lugar por personal de la concesionaria Ruta del Algarrobo.<\/p>\n<p>Hasta el sitio del accidente tambi\u00e9n concurri\u00f3 personal de Carabineros de Chile, junto a equipos de la concesionaria, quienes trabajaron en la emergencia y en la recuperaci\u00f3n de la conectividad.<\/p>\n<div class=\"code-block code-block-5\">\n<div id=\"sas_99435\"><\/div>\n<\/div>\n<p>El hecho fue informado a las 06:15 horas de este s\u00e1bado 29 de agosto.<\/p>\n","protected":false},"excerpt":{"rendered":"<p>Una persona result\u00f3 lesionada tras el volcamiento de un veh\u00edculo mayor registrado durante la ma\u00f1ana de este s\u00e1bado en la Ruta 5, a la altura&hellip; <\/p>\n","protected":false},"author":7,"featured_media":108106,"comment_status":"closed","ping_status":"closed","sticky":false,"template":"","format":"standard","meta":{"footnotes":""},"categories":[38],"tags":[],"class_list":["post-108105","post","type-post","status-publish","format-standard","has-post-thumbnail","hentry","category-portada-regional"],"_links":{"self":[{"href":"https:\/\/www.radioamigavallenar.cl\/index.php?rest_route=\/wp\/v2\/posts\/108105","targetHints":{"allow":["GET"]}}],"collection":[{"href":"https:\/\/www.radioamigavallenar.cl\/index.php?rest_route=\/wp\/v2\/posts"}],"about":[{"href":"https:\/\/www.radioamigavallenar.cl\/index.php?rest_route=\/wp\/v2\/types\/post"}],"author":[{"embeddable":true,"href":"https:\/\/www.radioamigavallenar.cl\/index.php?rest_route=\/wp\/v2\/users\/7"}],"replies":[{"embeddable":true,"href":"https:\/\/www.radioamigavallenar.cl\/index.php?rest_route=%2Fwp%2Fv2%2Fcomments&post=108105"}],"version-history":[{"count":1,"href":"https:\/\/www.radioamigavallenar.cl\/index.php?rest_route=\/wp\/v2\/posts\/108105\/revisions"}],"predecessor-version":[{"id":108107,"href":"https:\/\/www.radioamigavallenar.cl\/index.php?rest_route=\/wp\/v2\/posts\/108105\/revisions\/108107"}],"wp:featuredmedia":[{"embeddable":true,"href":"https:\/\/www.radioamigavallenar.cl\/index.php?rest_route=\/wp\/v2\/media\/108106"}],"wp:attachment":[{"href":"https:\/\/www.radioamigavallenar.cl\/index.php?rest_route=%2Fwp%2Fv2%2Fmedia&parent=108105"}],"wp:term":[{"taxonomy":"category","embeddable":true,"href":"https:\/\/www.radioamigavallenar.cl\/index.php?rest_route=%2Fwp%2Fv2%2Fcategories&post=108105"},{"taxonomy":"post_tag","embeddable":true,"href":"https:\/\/www.radioamigavallenar.cl\/index.php?rest_route=%2Fwp%2Fv2%2Ftags&post=108105"}],"curies":[{"name":"wp","href":"https:\/\/api.w.org\/{rel}","templated":true}]}}