{"id":108102,"date":"2026-08-31T00:00:30","date_gmt":"2026-08-31T04:00:30","guid":{"rendered":"https:\/\/www.radioamigavallenar.cl\/?p=108102"},"modified":"2026-08-30T23:23:59","modified_gmt":"2026-08-31T03:23:59","slug":"mipymes-comercio-y-empresas-de-atacama-tendran-un-alivio-en-sus-costos-electricos-con-eliminacion-de-la-hora-punta-2","status":"publish","type":"post","link":"https:\/\/www.radioamigavallenar.cl\/?p=108102","title":{"rendered":"MiPyMEs, comercio y empresas de Atacama tendr\u00e1n un alivio en sus costos el\u00e9ctricos con eliminaci\u00f3n de la Hora Punta"},"content":{"rendered":"<p>Las empresas y micro, peque\u00f1as y medianas empresas sujetas al horario de control de punta tendr\u00e1n durante septiembre una reducci\u00f3n en los costos asociados al consumo el\u00e9ctrico y mayor flexibilidad para desarrollar sus actividades, luego de que el Ministerio de Energ\u00eda anunciara la suspensi\u00f3n de este mecanismo durante dicho mes.<\/p>\n<div class=\"code-block code-block-3\">\n<div id=\"sas_99069\"><\/div>\n<\/div>\n<p>En Atacama, el seremi de Energ\u00eda, Manuel Nanjar\u00ed Contreras, explic\u00f3 que actualmente el horario de control de punta considera el per\u00edodo entre las 18:00 y las 22:00 horas, durante los meses de abril a septiembre.<\/p>\n<p>La demanda el\u00e9ctrica registrada durante ese horario incide en los cargos que deben asumir las empresas, lo que en algunos casos lleva a modificar o desplazar los horarios de consumo para reducir los costos asociados.<\/p>\n<p>Nanjar\u00ed se\u00f1al\u00f3 que la eliminaci\u00f3n del horario de punta durante septiembre permitir\u00e1 que empresas y MiPymes puedan desarrollar sus actividades durante la tarde y noche con mayor flexibilidad y menores costos el\u00e9ctricos.<\/p>\n<div class=\"code-block code-block-5\">\n<div id=\"sas_99435\"><\/div>\n<\/div>\n<p>La autoridad sostuvo que la medida busca favorecer la productividad, la inversi\u00f3n y la generaci\u00f3n de empleo, adem\u00e1s de entregar mejores condiciones para el funcionamiento de las peque\u00f1as y medianas empresas.<\/p>\n<p>La suspensi\u00f3n del horario de control de punta durante septiembre forma parte de las medidas impulsadas por el Ministerio de Energ\u00eda para apoyar la actividad productiva y entregar mayor certeza al sector.<\/p>\n<p>Asimismo, la cartera anunci\u00f3 que iniciar\u00e1 estudios para analizar c\u00f3mo abordar este mecanismo a partir de 2027, considerando el comportamiento del consumo el\u00e9ctrico y las necesidades de los distintos sectores productivos.<\/p>\n<p>La decisi\u00f3n fue adoptada luego de un an\u00e1lisis de los efectos del horario de control de punta, que incorpor\u00f3 antecedentes entregados por asociaciones del sector el\u00e9ctrico, representantes de distintos rubros productivos y el Ministerio de Econom\u00eda, entre otros actores.<\/p>\n","protected":false},"excerpt":{"rendered":"<p>Las empresas y micro, peque\u00f1as y medianas empresas sujetas al horario de control de punta tendr\u00e1n durante septiembre una reducci\u00f3n en los costos asociados al&hellip; <\/p>\n","protected":false},"author":7,"featured_media":108103,"comment_status":"closed","ping_status":"closed","sticky":false,"template":"","format":"standard","meta":{"footnotes":""},"categories":[38],"tags":[],"class_list":["post-108102","post","type-post","status-publish","format-standard","has-post-thumbnail","hentry","category-portada-regional"],"_links":{"self":[{"href":"https:\/\/www.radioamigavallenar.cl\/index.php?rest_route=\/wp\/v2\/posts\/108102","targetHints":{"allow":["GET"]}}],"collection":[{"href":"https:\/\/www.radioamigavallenar.cl\/index.php?rest_route=\/wp\/v2\/posts"}],"about":[{"href":"https:\/\/www.radioamigavallenar.cl\/index.php?rest_route=\/wp\/v2\/types\/post"}],"author":[{"embeddable":true,"href":"https:\/\/www.radioamigavallenar.cl\/index.php?rest_route=\/wp\/v2\/users\/7"}],"replies":[{"embeddable":true,"href":"https:\/\/www.radioamigavallenar.cl\/index.php?rest_route=%2Fwp%2Fv2%2Fcomments&post=108102"}],"version-history":[{"count":1,"href":"https:\/\/www.radioamigavallenar.cl\/index.php?rest_route=\/wp\/v2\/posts\/108102\/revisions"}],"predecessor-version":[{"id":108104,"href":"https:\/\/www.radioamigavallenar.cl\/index.php?rest_route=\/wp\/v2\/posts\/108102\/revisions\/108104"}],"wp:featuredmedia":[{"embeddable":true,"href":"https:\/\/www.radioamigavallenar.cl\/index.php?rest_route=\/wp\/v2\/media\/108103"}],"wp:attachment":[{"href":"https:\/\/www.radioamigavallenar.cl\/index.php?rest_route=%2Fwp%2Fv2%2Fmedia&parent=108102"}],"wp:term":[{"taxonomy":"category","embeddable":true,"href":"https:\/\/www.radioamigavallenar.cl\/index.php?rest_route=%2Fwp%2Fv2%2Fcategories&post=108102"},{"taxonomy":"post_tag","embeddable":true,"href":"https:\/\/www.radioamigavallenar.cl\/index.php?rest_route=%2Fwp%2Fv2%2Ftags&post=108102"}],"curies":[{"name":"wp","href":"https:\/\/api.w.org\/{rel}","templated":true}]}}