{"id":108099,"date":"2026-08-31T00:00:38","date_gmt":"2026-08-31T04:00:38","guid":{"rendered":"https:\/\/www.radioamigavallenar.cl\/?p=108099"},"modified":"2026-08-30T23:22:27","modified_gmt":"2026-08-31T03:22:27","slug":"can-detector-coky-permite-incautar-mas-de-4-kilos-de-pasta-base-en-bus-interurbano","status":"publish","type":"post","link":"https:\/\/www.radioamigavallenar.cl\/?p=108099","title":{"rendered":"Can detector \u201cCoky\u201d permite incautar m\u00e1s de 4 kilos de pasta base en bus interurbano"},"content":{"rendered":"<p data-start=\"76\" data-end=\"291\">n procedimiento desarrollado por personal especializado de Carabineros en la\u00a0<strong data-start=\"154\" data-end=\"170\">Ruta 5 Norte<\/strong>\u00a0permiti\u00f3 detectar m\u00e1s de cuatro kilos de pasta base de coca\u00edna que eran transportados al interior de un bus interurbano.<\/p>\n<div class=\"code-block code-block-3\">\n<div id=\"sas_99069\"><\/div>\n<\/div>\n<p data-start=\"293\" data-end=\"507\">La detecci\u00f3n fue posible gracias al trabajo del\u00a0<strong data-start=\"341\" data-end=\"374\">can detector de drogas \u201cCoky\u201d<\/strong>, que durante una fiscalizaci\u00f3n preventiva inspeccion\u00f3 el veh\u00edculo y alert\u00f3 a su gu\u00eda sobre una mochila perteneciente a una pasajera.<\/p>\n<p data-start=\"509\" data-end=\"685\">Al revisar el equipaje, los funcionarios encontraron\u00a0<strong data-start=\"562\" data-end=\"607\">cuatro paquetes con pasta base de coca\u00edna<\/strong>, procediendo a detener a la mujer, mayor de edad y de nacionalidad boliviana.<\/p>\n<p data-start=\"687\" data-end=\"861\">En total, Carabineros incaut\u00f3\u00a0<strong data-start=\"717\" data-end=\"764\">4 kilos 196 gramos de pasta base de coca\u00edna<\/strong>, equivalentes a unas\u00a0<strong data-start=\"786\" data-end=\"801\">4.196 dosis<\/strong>, con un aval\u00fao aproximado de\u00a0<strong data-start=\"831\" data-end=\"860\">25 millones 176 mil pesos<\/strong>.<\/p>\n<div class=\"code-block code-block-5\">\n<div id=\"sas_99435\"><\/div>\n<\/div>\n<p data-start=\"863\" data-end=\"973\">Adem\u00e1s de la droga, fueron decomisados\u00a0<strong data-start=\"902\" data-end=\"972\">56 mil pesos en efectivo, 770 bolivianos y dos tel\u00e9fonos celulares<\/strong>.<\/p>\n<p data-start=\"975\" data-end=\"1150\">La detenida mantiene su situaci\u00f3n migratoria regular y no registra antecedentes penales. Tras ser puesta a disposici\u00f3n del Ministerio P\u00fablico, qued\u00f3 en\u00a0<strong data-start=\"1127\" data-end=\"1149\">prisi\u00f3n preventiva<\/strong>.<\/p>\n<p data-start=\"1152\" data-end=\"1424\" data-is-last-node=\"\" data-is-only-node=\"\">Carabineros destac\u00f3 el aporte del trabajo especializado y, particularmente, de los ejemplares caninos entrenados para detectar sustancias il\u00edcitas, cuya labor permite reforzar los controles preventivos y combatir el tr\u00e1fico de drogas en las principales rutas de la regi\u00f3n.<\/p>\n","protected":false},"excerpt":{"rendered":"<p>n procedimiento desarrollado por personal especializado de Carabineros en la\u00a0Ruta 5 Norte\u00a0permiti\u00f3 detectar m\u00e1s de cuatro kilos de pasta base de coca\u00edna que eran transportados&hellip; <\/p>\n","protected":false},"author":7,"featured_media":108100,"comment_status":"closed","ping_status":"closed","sticky":false,"template":"","format":"standard","meta":{"footnotes":""},"categories":[38],"tags":[],"class_list":["post-108099","post","type-post","status-publish","format-standard","has-post-thumbnail","hentry","category-portada-regional"],"_links":{"self":[{"href":"https:\/\/www.radioamigavallenar.cl\/index.php?rest_route=\/wp\/v2\/posts\/108099","targetHints":{"allow":["GET"]}}],"collection":[{"href":"https:\/\/www.radioamigavallenar.cl\/index.php?rest_route=\/wp\/v2\/posts"}],"about":[{"href":"https:\/\/www.radioamigavallenar.cl\/index.php?rest_route=\/wp\/v2\/types\/post"}],"author":[{"embeddable":true,"href":"https:\/\/www.radioamigavallenar.cl\/index.php?rest_route=\/wp\/v2\/users\/7"}],"replies":[{"embeddable":true,"href":"https:\/\/www.radioamigavallenar.cl\/index.php?rest_route=%2Fwp%2Fv2%2Fcomments&post=108099"}],"version-history":[{"count":1,"href":"https:\/\/www.radioamigavallenar.cl\/index.php?rest_route=\/wp\/v2\/posts\/108099\/revisions"}],"predecessor-version":[{"id":108101,"href":"https:\/\/www.radioamigavallenar.cl\/index.php?rest_route=\/wp\/v2\/posts\/108099\/revisions\/108101"}],"wp:featuredmedia":[{"embeddable":true,"href":"https:\/\/www.radioamigavallenar.cl\/index.php?rest_route=\/wp\/v2\/media\/108100"}],"wp:attachment":[{"href":"https:\/\/www.radioamigavallenar.cl\/index.php?rest_route=%2Fwp%2Fv2%2Fmedia&parent=108099"}],"wp:term":[{"taxonomy":"category","embeddable":true,"href":"https:\/\/www.radioamigavallenar.cl\/index.php?rest_route=%2Fwp%2Fv2%2Fcategories&post=108099"},{"taxonomy":"post_tag","embeddable":true,"href":"https:\/\/www.radioamigavallenar.cl\/index.php?rest_route=%2Fwp%2Fv2%2Ftags&post=108099"}],"curies":[{"name":"wp","href":"https:\/\/api.w.org\/{rel}","templated":true}]}}