{"id":10749,"date":"2018-07-11T06:00:55","date_gmt":"2018-07-11T09:00:55","guid":{"rendered":"http:\/\/www.radioamigavallenar.cl\/?p=10749"},"modified":"2018-07-10T16:50:08","modified_gmt":"2018-07-10T19:50:08","slug":"feria-juvenil-de-invierno-atrae-con-innovadores-proyectos-en-vallenar","status":"publish","type":"post","link":"https:\/\/www.radioamigavallenar.cl\/?p=10749","title":{"rendered":"Feria Juvenil de Invierno atrae con innovadores proyectos en Vallenar"},"content":{"rendered":"<p style=\"text-align: center;\"><a href=\"http:\/\/www.radioamigavallenar.cl\/wp-content\/uploads\/2018\/07\/Feria-juvenil.jpg\"><img loading=\"lazy\" decoding=\"async\" class=\"alignnone size-medium wp-image-10750\" src=\"http:\/\/www.radioamigavallenar.cl\/wp-content\/uploads\/2018\/07\/Feria-juvenil-300x225.jpg\" alt=\"Feria juvenil\" width=\"300\" height=\"225\" srcset=\"https:\/\/www.radioamigavallenar.cl\/wp-content\/uploads\/2018\/07\/Feria-juvenil-300x225.jpg 300w, https:\/\/www.radioamigavallenar.cl\/wp-content\/uploads\/2018\/07\/Feria-juvenil.jpg 700w\" sizes=\"auto, (max-width: 300px) 100vw, 300px\" \/><\/a><\/p>\n<p style=\"text-align: justify;\"><span lang=\"ES-CL\">La Oficina Municipal de la Juventud de Vallenar, en el marco del Programa de Vacaciones de Invierno que la Direcci\u00f3n de Desarrollo Comunitario ha preparado, ha organizado una din\u00e1mica Feria Juvenil en Plaza Ambrosio O\u2019Higgins donde es posible encontrar a la juventud emprendedora de esta comuna.<\/span><\/p>\n<p style=\"text-align: justify;\">La primera versi\u00f3n de la feria se realiz\u00f3 el viernes 06 de julio y este jueves se repetir\u00e1 en el mismo lugar, habr\u00e1 m\u00fasica en vivo, expositores con diversos emprendimientos y un patio de comidas variado que incluye reposter\u00eda, opciones veganas, entre otras delicias gastron\u00f3micas.<\/p>\n<p style=\"text-align: justify;\"><b><i><span lang=\"ES-CL\">\u201cSon dos jornadas, hoy viernes 06 y la pr\u00f3xima el jueves 12 de julio desde las 17 hasta las 22 horas aproximadamente, invitamos a todas las personas que quieran participar el jueves, en el segundo piso del Juzgado de Polic\u00eda Local, ah\u00ed nos pueden encontrar y se pueden inscribir para tener su espacio\u201d,<\/span><\/i><\/b><span lang=\"ES-CL\">\u00a0explic\u00f3 el encargado de la Oficina Municipal de la Juventud, Claudio Huanchicay Valenzuela.<\/span><\/p>\n<p style=\"text-align: justify;\">Paulina Morgado, m\u00e1s conocida por su emprendimiento de tejidos y vestuario Pazcal, estuvo presente en la primera jornada de la Feria Juvenil Invierno 2018 y destac\u00f3 la facilidad para inscribirse y participar como expositor en esta actividad de la Oficina Municipal de la Juventud.<\/p>\n<p style=\"text-align: justify;\"><b><i><span lang=\"ES-CL\">\u201cEs totalmente gratuito para los emprendedores, yo vi el afiche por facebook, me acerque a la Oficina de la Juventud, me inscrib\u00ed y hoy vine, me instal\u00e9, nos pasaron mesas, toldos, as\u00ed que s\u00f3lo instalarse, disfrutar y acompa\u00f1arse con los emprendedores que tienen creaciones muy bonitas, as\u00ed que feliz, contenta de compartir en la plaza con gente buena onda y m\u00fasica en vivo\u201d,<\/span><\/i><\/b><span lang=\"ES-CL\">\u00a0agreg\u00f3 Paulina.<\/span><\/p>\n<p style=\"text-align: justify;\">Una de las novedades en esta feria fue el stand de Eric Rojas, quien se instal\u00f3 junto a su hija Fernanda, para realizar una peque\u00f1a demostraci\u00f3n sobre la fabricaci\u00f3n de piezas, escaneo de personas, objetos y sitios para procesarlo en el computador e imprimirlos en 3D.<\/p>\n","protected":false},"excerpt":{"rendered":"<p>La Oficina Municipal de la Juventud de Vallenar, en el marco del Programa de Vacaciones de Invierno que la Direcci\u00f3n de Desarrollo Comunitario ha preparado,&hellip; <\/p>\n","protected":false},"author":2,"featured_media":10750,"comment_status":"open","ping_status":"closed","sticky":false,"template":"","format":"standard","meta":{"footnotes":""},"categories":[2],"tags":[],"class_list":["post-10749","post","type-post","status-publish","format-standard","has-post-thumbnail","hentry","category-vallenar"],"_links":{"self":[{"href":"https:\/\/www.radioamigavallenar.cl\/index.php?rest_route=\/wp\/v2\/posts\/10749","targetHints":{"allow":["GET"]}}],"collection":[{"href":"https:\/\/www.radioamigavallenar.cl\/index.php?rest_route=\/wp\/v2\/posts"}],"about":[{"href":"https:\/\/www.radioamigavallenar.cl\/index.php?rest_route=\/wp\/v2\/types\/post"}],"author":[{"embeddable":true,"href":"https:\/\/www.radioamigavallenar.cl\/index.php?rest_route=\/wp\/v2\/users\/2"}],"replies":[{"embeddable":true,"href":"https:\/\/www.radioamigavallenar.cl\/index.php?rest_route=%2Fwp%2Fv2%2Fcomments&post=10749"}],"version-history":[{"count":0,"href":"https:\/\/www.radioamigavallenar.cl\/index.php?rest_route=\/wp\/v2\/posts\/10749\/revisions"}],"wp:featuredmedia":[{"embeddable":true,"href":"https:\/\/www.radioamigavallenar.cl\/index.php?rest_route=\/wp\/v2\/media\/10750"}],"wp:attachment":[{"href":"https:\/\/www.radioamigavallenar.cl\/index.php?rest_route=%2Fwp%2Fv2%2Fmedia&parent=10749"}],"wp:term":[{"taxonomy":"category","embeddable":true,"href":"https:\/\/www.radioamigavallenar.cl\/index.php?rest_route=%2Fwp%2Fv2%2Fcategories&post=10749"},{"taxonomy":"post_tag","embeddable":true,"href":"https:\/\/www.radioamigavallenar.cl\/index.php?rest_route=%2Fwp%2Fv2%2Ftags&post=10749"}],"curies":[{"name":"wp","href":"https:\/\/api.w.org\/{rel}","templated":true}]}}