{"id":10635,"date":"2018-07-04T14:01:15","date_gmt":"2018-07-04T17:01:15","guid":{"rendered":"http:\/\/www.radioamigavallenar.cl\/?p=10635"},"modified":"2018-07-04T14:01:15","modified_gmt":"2018-07-04T17:01:15","slug":"mas-de-400-personas-disfrutaron-de-todas-esas-cosas-maravillosas-con-alvaro-escobar","status":"publish","type":"post","link":"https:\/\/www.radioamigavallenar.cl\/?p=10635","title":{"rendered":"M\u00e1s de 400 personas disfrutaron  de \u201cTodas esas Cosas Maravillosas\u201d con \u00c1lvaro Escobar"},"content":{"rendered":"<p style=\"font-weight: 400; text-align: center;\"><a href=\"http:\/\/www.radioamigavallenar.cl\/wp-content\/uploads\/2018\/07\/Alvaro-escobar.jpg\"><img loading=\"lazy\" decoding=\"async\" class=\"alignnone size-medium wp-image-10636\" src=\"http:\/\/www.radioamigavallenar.cl\/wp-content\/uploads\/2018\/07\/Alvaro-escobar-300x200.jpg\" alt=\"Alvaro escobar\" width=\"300\" height=\"200\" srcset=\"https:\/\/www.radioamigavallenar.cl\/wp-content\/uploads\/2018\/07\/Alvaro-escobar-300x200.jpg 300w, https:\/\/www.radioamigavallenar.cl\/wp-content\/uploads\/2018\/07\/Alvaro-escobar.jpg 700w\" sizes=\"auto, (max-width: 300px) 100vw, 300px\" \/><\/a><\/p>\n<p style=\"font-weight: 400; text-align: justify;\">Fue un fin de semana largo e intenso para \u00c1lvaro Escobar. El actor nacional recorri\u00f3 dos de las 3 provincias de Atacama con el aclamado montaje \u201cTodas esas Cosas Maravillosas\u201d, mientras se prepara para regresar a fin de mes y visitar la Provincia del Huasco. Esta itinerancia fue gestionada por la Serem\u00eda de las Culturas, las Artes y el Patrimonio, contando con la colaboraci\u00f3n de los respectivos municipios.<\/p>\n<p style=\"font-weight: 400; text-align: justify;\">La primera fecha estuvo programada para el s\u00e1bado 30 de junio, en la comuna de Caldera. M\u00e1s de 120 personas acompa\u00f1aron a Escobar a descubrir \u201cTodas esas Cosas Maravillosas\u201d en el Centro Cultural Estaci\u00f3n Caldera, en donde emocion\u00f3 a todos con este relato que nos invita a valorar los detalles hacen bella la vida. La Seremi de las Culturas, Andrea Parra Jaque, particip\u00f3 activamente del montaje, interpretando uno de los personajes y la alcaldesa comunal, Brunilda Gonz\u00e1lez, hizo entrega al actor de un reconocimiento por su visita a la comuna. La interactividad de la obra se traslad\u00f3 m\u00e1s tarde a la Hacienda San Pedro, lugar al que llegaron cerca de 100 espectadores y se sumaron a un trabajo aclamado internacionalmente y en el que el actor nacional emocion\u00f3 mediante un relato que supo adaptarse a la realidad de Atacama e incluy\u00f3 un repertorio musical muy identificable por la audiencia local.<\/p>\n<p style=\"font-weight: 400; text-align: justify;\">El de Cha\u00f1aral fue un espect\u00e1culo m\u00e1s \u00edntimo. Con poco m\u00e1s de 30 personas alrededor de \u00c1lvaro Escobar la funci\u00f3n dominical cont\u00f3 con la presencia de autoridades locales y del Gobernador de la Provincia, Ignacio Jos\u00e9 Urcull\u00fa Cl\u00e9ment-Lund, quien encarn\u00f3 a uno de los personajes clave de esta emotiva historia de superaci\u00f3n. Por la tarde, la cita se traslad\u00f3 a Diego de Almagro para recibir a m\u00e1s de 90 espectadores, pertenecientes \u2013principalmente- a un p\u00fablico juvenil y con un tono diferente al de las otras presentaciones, debido al importante rol que juega la improvisaci\u00f3n en este montaje y la activa participaci\u00f3n del p\u00fablico, quienes tambi\u00e9n dan forma a las sorpresas y emociones.<\/p>\n<p style=\"font-weight: 400; text-align: justify;\">El cierre de la primera parte de la itinerancia de \u201cTodas esas Cosas Maravillosas\u201d por Atacama, fue en la comuna de Tierra Amarilla. M\u00e1s de 80 espectadores quisieron estar presentes, aunque se trataba de un d\u00eda feriado, y completaron el montaje final, disfrutando del espect\u00e1culo que por dos a\u00f1os ha recorrido el pa\u00eds con mucho \u00e9xito. A fines de julio, gracias a la gesti\u00f3n de la Serem\u00eda de las Culturas, las Artes y el Patrimonio, \u00c1lvaro Escobar se presentar\u00e1 tambi\u00e9n en Vallenar, Freirina, Huasco y Alto del Carmen con \u201cTodas esas Cosas Maravillosas\u201d, cerrando su itinerancia por Atacama.<\/p>\n","protected":false},"excerpt":{"rendered":"<p>Fue un fin de semana largo e intenso para \u00c1lvaro Escobar. El actor nacional recorri\u00f3 dos de las 3 provincias de Atacama con el aclamado&hellip; <\/p>\n","protected":false},"author":2,"featured_media":10636,"comment_status":"open","ping_status":"closed","sticky":false,"template":"","format":"standard","meta":{"footnotes":""},"categories":[7,9],"tags":[],"class_list":["post-10635","post","type-post","status-publish","format-standard","has-post-thumbnail","hentry","category-atacama","category-cultura"],"_links":{"self":[{"href":"https:\/\/www.radioamigavallenar.cl\/index.php?rest_route=\/wp\/v2\/posts\/10635","targetHints":{"allow":["GET"]}}],"collection":[{"href":"https:\/\/www.radioamigavallenar.cl\/index.php?rest_route=\/wp\/v2\/posts"}],"about":[{"href":"https:\/\/www.radioamigavallenar.cl\/index.php?rest_route=\/wp\/v2\/types\/post"}],"author":[{"embeddable":true,"href":"https:\/\/www.radioamigavallenar.cl\/index.php?rest_route=\/wp\/v2\/users\/2"}],"replies":[{"embeddable":true,"href":"https:\/\/www.radioamigavallenar.cl\/index.php?rest_route=%2Fwp%2Fv2%2Fcomments&post=10635"}],"version-history":[{"count":0,"href":"https:\/\/www.radioamigavallenar.cl\/index.php?rest_route=\/wp\/v2\/posts\/10635\/revisions"}],"wp:featuredmedia":[{"embeddable":true,"href":"https:\/\/www.radioamigavallenar.cl\/index.php?rest_route=\/wp\/v2\/media\/10636"}],"wp:attachment":[{"href":"https:\/\/www.radioamigavallenar.cl\/index.php?rest_route=%2Fwp%2Fv2%2Fmedia&parent=10635"}],"wp:term":[{"taxonomy":"category","embeddable":true,"href":"https:\/\/www.radioamigavallenar.cl\/index.php?rest_route=%2Fwp%2Fv2%2Fcategories&post=10635"},{"taxonomy":"post_tag","embeddable":true,"href":"https:\/\/www.radioamigavallenar.cl\/index.php?rest_route=%2Fwp%2Fv2%2Ftags&post=10635"}],"curies":[{"name":"wp","href":"https:\/\/api.w.org\/{rel}","templated":true}]}}