{"id":10600,"date":"2018-06-28T14:16:59","date_gmt":"2018-06-28T17:16:59","guid":{"rendered":"http:\/\/www.radioamigavallenar.cl\/?p=10600"},"modified":"2018-06-28T14:16:59","modified_gmt":"2018-06-28T17:16:59","slug":"mulet-denuncia-discriminacion-de-empresas-contratistas-de-codelco-el-salvador","status":"publish","type":"post","link":"https:\/\/www.radioamigavallenar.cl\/?p=10600","title":{"rendered":"Mulet denuncia discriminaci\u00f3n de empresas contratistas de Codelco El Salvador"},"content":{"rendered":"<p style=\"font-weight: 400; text-align: center;\"><a href=\"http:\/\/www.radioamigavallenar.cl\/wp-content\/uploads\/2018\/06\/Jaime-Mulet.jpg\"><img loading=\"lazy\" decoding=\"async\" class=\"alignnone size-medium wp-image-10601\" src=\"http:\/\/www.radioamigavallenar.cl\/wp-content\/uploads\/2018\/06\/Jaime-Mulet-300x200.jpg\" alt=\"Jaime Mulet\" width=\"300\" height=\"200\" srcset=\"https:\/\/www.radioamigavallenar.cl\/wp-content\/uploads\/2018\/06\/Jaime-Mulet-300x200.jpg 300w, https:\/\/www.radioamigavallenar.cl\/wp-content\/uploads\/2018\/06\/Jaime-Mulet.jpg 700w\" sizes=\"auto, (max-width: 300px) 100vw, 300px\" \/><\/a><\/p>\n<p style=\"font-weight: 400; text-align: justify;\"><strong>El diputado por\u00a0la Regi\u00f3n\u00a0de Atacama, Jaime Mulet, junto al concejal de Diego de Almagro, Freddy Rubina,<\/strong>\u00a0denunciaron discriminaci\u00f3n por parte de las empresas contratistas de Codelco Chile Divisi\u00f3n El Salvador, en contra de trabajadores de Diego de Almagro, a quienes no estar\u00edan contratando, acus\u00e1ndolos de \u201chuelguistas\u201d.<\/p>\n<p style=\"font-weight: 400; text-align: justify;\">Seg\u00fan explic\u00f3 el parlamentario y primer vicepresidente de\u00a0la C\u00e1mara\u00a0de Diputados,\u00a0<strong>\u201ccon el concejal don Freddy Rubina, conversamos expl\u00edcitamente este tema hace alg\u00fan tiempo atr\u00e1s con nuevo gerente general de la cupr\u00edfera, Christian Toutin, quien se comprometi\u00f3 como empresa mandante, a dar las instrucciones a sus contratistas para que fueran recibidos los curriculums y que se iba a contratar preferentemente a trabajadores locales, y eso no se est\u00e1 haciendo, de manera que Codelco no est\u00e1 cumpliendo ese compromiso tan b\u00e1sico con la comunidad donde est\u00e1 inserto, y el compromiso de buen vecino que pasa a ser solamente letra muerta\u201d.<\/strong><\/p>\n<p style=\"font-weight: 400; text-align: justify;\"><strong>\u201cNos parece muy grave esta situaci\u00f3n de discriminaci\u00f3n laboral, por eso reiteramos nuestra disposici\u00f3n de exigir a Codelco que como empresa mandante, haga el llamado a sus contratistas a que contraten a trabajadoras y trabajadores locales, pues es muy grave lo que est\u00e1 pasando, est\u00e1 dejando de lado a la comunidad, a sus vecinos, incluso es m\u00e1s hay listas negras &#8211; nos han informado -, de gente que por ser de Diego de Almagro, por haber participado en alguna organizaci\u00f3n, en alg\u00fan sindicato, o por el solo hecho de ser dieguino no la est\u00e1n contratando, lo que a todas luces es un acto de discriminaci\u00f3n grave\u201d.<\/strong><\/p>\n<p style=\"font-weight: 400; text-align: justify;\">Por esta raz\u00f3n, Mulet hizo un llamado a las autoridades de Codelco El Salvador a\u00a0<strong>\u201crespetar los acuerdos y comprometerse en la lucha contra la cesant\u00eda de la zona, terminar con la discriminaci\u00f3n de nuestros trabajadores de Diego de Almagro\u201d,\u00a0<\/strong>y agreg\u00f3,<strong>\u00a0\u201cun llamado tambi\u00e9n a\u00a0la Intendenta\u00a0Regional, Berta Torres, a fiscalizar y jug\u00e1rsela por nuestros trabajadores, no puede ser que para las grandes mineras todo sea depredaci\u00f3n de nuestros recursos naturales, y no haya compromiso con el desarrollo y crecimiento de las comunas donde est\u00e1n emplazados\u201d<\/strong>.<\/p>\n<p style=\"font-weight: 400; text-align: justify;\">Finalmente, el parlamentario adelant\u00f3 que el pr\u00f3ximo 6 de julio, sesionar\u00e1 en\u00a0la Regi\u00f3n\u00a0de Atacama,\u00a0la Comisi\u00f3n\u00a0de Miner\u00eda de\u00a0la C\u00e1mara\u00a0de Diputados, donde<strong>\u201cpor supuesto voy a estar all\u00e1, pues creo que es muy importante plantear, entre otros temas, este tema, a las m\u00e1ximas autoridades de Codelco, y por cierto tambi\u00e9n a Nelson Pizarro, pues insisto me parece muy grave esta situaci\u00f3n de discriminaci\u00f3n laboral y la denunciamos dr\u00e1sticamente\u201d.<\/strong><\/p>\n","protected":false},"excerpt":{"rendered":"<p>El diputado por\u00a0la Regi\u00f3n\u00a0de Atacama, Jaime Mulet, junto al concejal de Diego de Almagro, Freddy Rubina,\u00a0denunciaron discriminaci\u00f3n por parte de las empresas contratistas de Codelco&hellip; <\/p>\n","protected":false},"author":2,"featured_media":10601,"comment_status":"open","ping_status":"closed","sticky":false,"template":"","format":"standard","meta":{"footnotes":""},"categories":[7],"tags":[],"class_list":["post-10600","post","type-post","status-publish","format-standard","has-post-thumbnail","hentry","category-atacama"],"_links":{"self":[{"href":"https:\/\/www.radioamigavallenar.cl\/index.php?rest_route=\/wp\/v2\/posts\/10600","targetHints":{"allow":["GET"]}}],"collection":[{"href":"https:\/\/www.radioamigavallenar.cl\/index.php?rest_route=\/wp\/v2\/posts"}],"about":[{"href":"https:\/\/www.radioamigavallenar.cl\/index.php?rest_route=\/wp\/v2\/types\/post"}],"author":[{"embeddable":true,"href":"https:\/\/www.radioamigavallenar.cl\/index.php?rest_route=\/wp\/v2\/users\/2"}],"replies":[{"embeddable":true,"href":"https:\/\/www.radioamigavallenar.cl\/index.php?rest_route=%2Fwp%2Fv2%2Fcomments&post=10600"}],"version-history":[{"count":0,"href":"https:\/\/www.radioamigavallenar.cl\/index.php?rest_route=\/wp\/v2\/posts\/10600\/revisions"}],"wp:featuredmedia":[{"embeddable":true,"href":"https:\/\/www.radioamigavallenar.cl\/index.php?rest_route=\/wp\/v2\/media\/10601"}],"wp:attachment":[{"href":"https:\/\/www.radioamigavallenar.cl\/index.php?rest_route=%2Fwp%2Fv2%2Fmedia&parent=10600"}],"wp:term":[{"taxonomy":"category","embeddable":true,"href":"https:\/\/www.radioamigavallenar.cl\/index.php?rest_route=%2Fwp%2Fv2%2Fcategories&post=10600"},{"taxonomy":"post_tag","embeddable":true,"href":"https:\/\/www.radioamigavallenar.cl\/index.php?rest_route=%2Fwp%2Fv2%2Ftags&post=10600"}],"curies":[{"name":"wp","href":"https:\/\/api.w.org\/{rel}","templated":true}]}}