{"id":10485,"date":"2018-06-19T08:05:22","date_gmt":"2018-06-19T11:05:22","guid":{"rendered":"http:\/\/www.radioamigavallenar.cl\/?p=10485"},"modified":"2018-06-19T10:54:22","modified_gmt":"2018-06-19T13:54:22","slug":"audio-fiscalias-regionales-del-norte-grande-coordinan-estrategias-investigativas-ante-delitos-graves","status":"publish","type":"post","link":"https:\/\/www.radioamigavallenar.cl\/?p=10485","title":{"rendered":"(AUDIO) Fiscal\u00edas Regionales del norte grande coordinan estrategias investigativas ante delitos graves"},"content":{"rendered":"<p style=\"text-align: center;\"><a href=\"http:\/\/www.radioamigavallenar.cl\/wp-content\/uploads\/2018\/06\/REUNION-MACROZONA.jpg\"><img loading=\"lazy\" decoding=\"async\" class=\"alignnone size-medium wp-image-10486\" src=\"http:\/\/www.radioamigavallenar.cl\/wp-content\/uploads\/2018\/06\/REUNION-MACROZONA-300x201.jpg\" alt=\"REUNION MACROZONA\" width=\"300\" height=\"201\" srcset=\"https:\/\/www.radioamigavallenar.cl\/wp-content\/uploads\/2018\/06\/REUNION-MACROZONA-300x201.jpg 300w, https:\/\/www.radioamigavallenar.cl\/wp-content\/uploads\/2018\/06\/REUNION-MACROZONA.jpg 700w\" sizes=\"auto, (max-width: 300px) 100vw, 300px\" \/><\/a><\/p>\n<p style=\"text-align: justify;\">Analizar las herramientas y objetivos investigativos destinados a desarticular las organizaciones criminales que operan en el norte del pa\u00eds, fueron parte de los temas que se trataron el segundo encuentro de la mesa sobre Delincuencia de la Macrozona Norte. Cita a la que asistieron los Fiscales Regionales de Atacama, Antofagasta, Tarapac\u00e1 y Arica y Parinacota.<\/p>\n<p style=\"text-align: justify;\">En la jornada los asistentes enfocaron su atenci\u00f3n en el an\u00e1lisis de los antecedentes disponibles que puedan llevar a avanzar en las indagatorias de este tipo, en que se investiga a agrupaciones criminales de delitos de alta connotaci\u00f3n.<\/p>\n<p style=\"text-align: justify;\">Pol tal motivo, adem\u00e1s de los Fiscales Regionales, concurrieron representantes de la Unidad de An\u00e1lisis Financiero, Tesorer\u00eda General de la Rep\u00fablica, la Direcci\u00f3n General del Territorio Mar\u00edtimo y de Marina Mercante, adem\u00e1s de profesionales de la Unidad de\u00a0 Cooperaci\u00f3n Internacional y Extradiciones de la Fiscal\u00eda Nacional.<\/p>\n<p style=\"text-align: justify;\">\u201cHay fen\u00f3menos delictuales que afectan en forma transversal a las regiones de la Macrozona Norte, por lo que es necesario aunar criterios de actuaci\u00f3n, tanto en lo que se refiere a la planificaci\u00f3n como en la investigaci\u00f3n de los mismos, y por eso solicitamos que nos incorporaran como regi\u00f3n a esta importante instancia de trabajo institucional\u201d, explic\u00f3 el Fiscal Regional de Atacama, Alexis Rogat Lucero.<\/p>\n<audio class=\"wp-audio-shortcode\" id=\"audio-10485-1\" preload=\"none\" style=\"width: 100%;\" controls=\"controls\"><source type=\"audio\/mpeg\" src=\"http:\/\/www.radioamigavallenar.cl\/wp-content\/uploads\/2018\/06\/CU\u00d1A-FISCAL-REGIONAL-DE-ATACAMA-SEGUNDA-REUNION-MACROZONA-NORTE.mp3?_=1\" \/><a href=\"http:\/\/www.radioamigavallenar.cl\/wp-content\/uploads\/2018\/06\/CU\u00d1A-FISCAL-REGIONAL-DE-ATACAMA-SEGUNDA-REUNION-MACROZONA-NORTE.mp3\">http:\/\/www.radioamigavallenar.cl\/wp-content\/uploads\/2018\/06\/CU\u00d1A-FISCAL-REGIONAL-DE-ATACAMA-SEGUNDA-REUNION-MACROZONA-NORTE.mp3<\/a><\/audio>\n<p style=\"text-align: justify;\">En la cita, se mencion\u00f3 que los delitos de mayor complejidad requieren de una importante cantidad de recursos para poder indagarlos, los que no siempre est\u00e1n disponibles. De ah\u00ed lo relevante del trabajo que est\u00e1 llevando a cabo esta mesa, en lo referido a generar una estrategia conjunta que permita establecer las mejores acciones que lleven a concretar una persecuci\u00f3n penal m\u00e1s eficiente que derive en un beneficio para toda la comunidad nacional.<\/p>\n<p style=\"text-align: justify;\">En la mesa tambi\u00e9n estuvieron presentes representantes de unidades especializadas de la Fiscal\u00eda Nacional, como la Unidad de Lavado de Dinero y Delitos Econ\u00f3micos y Crimen Organizado y la Unidad contra el Tr\u00e1fico de Drogas.<\/p>\n","protected":false},"excerpt":{"rendered":"<p>Analizar las herramientas y objetivos investigativos destinados a desarticular las organizaciones criminales que operan en el norte del pa\u00eds, fueron parte de los temas que&hellip; <\/p>\n","protected":false},"author":2,"featured_media":10486,"comment_status":"open","ping_status":"closed","sticky":false,"template":"","format":"standard","meta":{"footnotes":""},"categories":[6],"tags":[],"class_list":["post-10485","post","type-post","status-publish","format-standard","has-post-thumbnail","hentry","category-policial"],"_links":{"self":[{"href":"https:\/\/www.radioamigavallenar.cl\/index.php?rest_route=\/wp\/v2\/posts\/10485","targetHints":{"allow":["GET"]}}],"collection":[{"href":"https:\/\/www.radioamigavallenar.cl\/index.php?rest_route=\/wp\/v2\/posts"}],"about":[{"href":"https:\/\/www.radioamigavallenar.cl\/index.php?rest_route=\/wp\/v2\/types\/post"}],"author":[{"embeddable":true,"href":"https:\/\/www.radioamigavallenar.cl\/index.php?rest_route=\/wp\/v2\/users\/2"}],"replies":[{"embeddable":true,"href":"https:\/\/www.radioamigavallenar.cl\/index.php?rest_route=%2Fwp%2Fv2%2Fcomments&post=10485"}],"version-history":[{"count":0,"href":"https:\/\/www.radioamigavallenar.cl\/index.php?rest_route=\/wp\/v2\/posts\/10485\/revisions"}],"wp:featuredmedia":[{"embeddable":true,"href":"https:\/\/www.radioamigavallenar.cl\/index.php?rest_route=\/wp\/v2\/media\/10486"}],"wp:attachment":[{"href":"https:\/\/www.radioamigavallenar.cl\/index.php?rest_route=%2Fwp%2Fv2%2Fmedia&parent=10485"}],"wp:term":[{"taxonomy":"category","embeddable":true,"href":"https:\/\/www.radioamigavallenar.cl\/index.php?rest_route=%2Fwp%2Fv2%2Fcategories&post=10485"},{"taxonomy":"post_tag","embeddable":true,"href":"https:\/\/www.radioamigavallenar.cl\/index.php?rest_route=%2Fwp%2Fv2%2Ftags&post=10485"}],"curies":[{"name":"wp","href":"https:\/\/api.w.org\/{rel}","templated":true}]}}