{"id":10482,"date":"2018-06-19T08:00:26","date_gmt":"2018-06-19T11:00:26","guid":{"rendered":"http:\/\/www.radioamigavallenar.cl\/?p=10482"},"modified":"2018-06-19T10:50:39","modified_gmt":"2018-06-19T13:50:39","slug":"carabineros-somete-a-consultoria-externa-su-sistema-de-pago-de-remuneraciones","status":"publish","type":"post","link":"https:\/\/www.radioamigavallenar.cl\/?p=10482","title":{"rendered":"Carabineros somete a consultor\u00eda externa su sistema de pago de remuneraciones"},"content":{"rendered":"<p style=\"text-align: justify;\"><a href=\"http:\/\/www.radioamigavallenar.cl\/wp-content\/uploads\/2018\/06\/Carabineros.jpg\"><img loading=\"lazy\" decoding=\"async\" class=\" size-medium wp-image-10483 aligncenter\" src=\"http:\/\/www.radioamigavallenar.cl\/wp-content\/uploads\/2018\/06\/Carabineros-300x168.jpg\" alt=\"Carabineros\" width=\"300\" height=\"168\" srcset=\"https:\/\/www.radioamigavallenar.cl\/wp-content\/uploads\/2018\/06\/Carabineros-300x168.jpg 300w, https:\/\/www.radioamigavallenar.cl\/wp-content\/uploads\/2018\/06\/Carabineros.jpg 700w\" sizes=\"auto, (max-width: 300px) 100vw, 300px\" \/><\/a><\/p>\n<p style=\"text-align: justify;\">El general director de Carabineros, Hermes Soto, dio a conocer durante la cuenta p\u00fablica de la polic\u00eda uniformada, una de las primeras medidas para mejorar los procesos de administraci\u00f3n y de gesti\u00f3n.<\/p>\n<p style=\"text-align: justify;\">Ello, pues una empresa externa realizar\u00e1 una consultor\u00eda para revisar el sistema de pago de remuneraciones,\u00a0<a href=\"http:\/\/impresa.elmercurio.com\/Pages\/NewsDetail.aspx?dt=2018-06-19&amp;dtB=19-06-2018%200:00:00&amp;PaginaId=5&amp;bodyid=3\">inform\u00f3 El Mercurio<\/a>.<\/p>\n<p style=\"text-align: justify;\">La compa\u00f1\u00eda encargada ser\u00e1 Proviti que se impuso en un concurso p\u00fablico que culmin\u00f3 en abril y su trabajo ser\u00e1 levantar informaci\u00f3n de los sistemas de pago y mejorar controles internos, seg\u00fan informaron desde la empresa al mencionado medio.<\/p>\n<p style=\"text-align: justify;\">Fuente y Foto: soychile.cl<\/p>\n","protected":false},"excerpt":{"rendered":"<p>El general director de Carabineros, Hermes Soto, dio a conocer durante la cuenta p\u00fablica de la polic\u00eda uniformada, una de las primeras medidas para mejorar&hellip; <\/p>\n","protected":false},"author":2,"featured_media":10483,"comment_status":"open","ping_status":"closed","sticky":false,"template":"","format":"standard","meta":{"footnotes":""},"categories":[6],"tags":[],"class_list":["post-10482","post","type-post","status-publish","format-standard","has-post-thumbnail","hentry","category-policial"],"_links":{"self":[{"href":"https:\/\/www.radioamigavallenar.cl\/index.php?rest_route=\/wp\/v2\/posts\/10482","targetHints":{"allow":["GET"]}}],"collection":[{"href":"https:\/\/www.radioamigavallenar.cl\/index.php?rest_route=\/wp\/v2\/posts"}],"about":[{"href":"https:\/\/www.radioamigavallenar.cl\/index.php?rest_route=\/wp\/v2\/types\/post"}],"author":[{"embeddable":true,"href":"https:\/\/www.radioamigavallenar.cl\/index.php?rest_route=\/wp\/v2\/users\/2"}],"replies":[{"embeddable":true,"href":"https:\/\/www.radioamigavallenar.cl\/index.php?rest_route=%2Fwp%2Fv2%2Fcomments&post=10482"}],"version-history":[{"count":0,"href":"https:\/\/www.radioamigavallenar.cl\/index.php?rest_route=\/wp\/v2\/posts\/10482\/revisions"}],"wp:featuredmedia":[{"embeddable":true,"href":"https:\/\/www.radioamigavallenar.cl\/index.php?rest_route=\/wp\/v2\/media\/10483"}],"wp:attachment":[{"href":"https:\/\/www.radioamigavallenar.cl\/index.php?rest_route=%2Fwp%2Fv2%2Fmedia&parent=10482"}],"wp:term":[{"taxonomy":"category","embeddable":true,"href":"https:\/\/www.radioamigavallenar.cl\/index.php?rest_route=%2Fwp%2Fv2%2Fcategories&post=10482"},{"taxonomy":"post_tag","embeddable":true,"href":"https:\/\/www.radioamigavallenar.cl\/index.php?rest_route=%2Fwp%2Fv2%2Ftags&post=10482"}],"curies":[{"name":"wp","href":"https:\/\/api.w.org\/{rel}","templated":true}]}}