{"id":10465,"date":"2018-06-18T13:17:12","date_gmt":"2018-06-18T16:17:12","guid":{"rendered":"http:\/\/www.radioamigavallenar.cl\/?p=10465"},"modified":"2018-06-18T13:17:12","modified_gmt":"2018-06-18T16:17:12","slug":"en-alto-del-carmen-destacan-labor-de-dirigentes-vecinales","status":"publish","type":"post","link":"https:\/\/www.radioamigavallenar.cl\/?p=10465","title":{"rendered":"En Alto del Carmen: Destacan labor de dirigentes vecinales"},"content":{"rendered":"<p style=\"text-align: center;\"><a href=\"http:\/\/www.radioamigavallenar.cl\/wp-content\/uploads\/2018\/06\/Dirigentes-AC.jpg\"><img loading=\"lazy\" decoding=\"async\" class=\"alignnone size-medium wp-image-10466\" src=\"http:\/\/www.radioamigavallenar.cl\/wp-content\/uploads\/2018\/06\/Dirigentes-AC-300x200.jpg\" alt=\"Dirigentes AC\" width=\"300\" height=\"200\" srcset=\"https:\/\/www.radioamigavallenar.cl\/wp-content\/uploads\/2018\/06\/Dirigentes-AC-300x200.jpg 300w, https:\/\/www.radioamigavallenar.cl\/wp-content\/uploads\/2018\/06\/Dirigentes-AC.jpg 700w\" sizes=\"auto, (max-width: 300px) 100vw, 300px\" \/><\/a><\/p>\n<p style=\"text-align: justify;\">En el marco de la habitual jornada\u00a0 de trabajo que peri\u00f3dicamente realiza la Uni\u00f3n Comunal de Junta de Vecinos de Alto del Carmen, se llev\u00f3 a cabo una interesante reuni\u00f3n\u00a0 mediante la cual dirigentes de las distintas localidades de la comuna, expusieron sus inquietudes \u2013 principalmente \u2013 en temas referido a las obras que se est\u00e1n desarrollando en la comuna.<\/p>\n<p style=\"text-align: justify;\">H\u00e9ctor Castillo, presidente saliente de la Uni\u00f3n Comunal junto con se\u00f1alar la importancia de este encuentro en donde se realizaba la elecci\u00f3n de la nueva directiva, agradeci\u00f3 la visita de las autoridades relevando la permanente presencia que el gobernador de la provincia y su equipo han mostrado en distintas actividades que se han desarrollado en la comuna, a poco andar de la gesti\u00f3n del actual gobierno.\u00a0\u00a0\u00a0 El dirigente destac\u00f3 la disposici\u00f3n para atender los requerimientos de la dirigencia local.\u00a0 Cabe se\u00f1alar que luego de las elecciones realizadas, asumir\u00e1 la presidencia de la uni\u00f3n comunal, la dirigenta del sector Los Canales, Lilian Araya Avalos.<\/p>\n<p style=\"text-align: justify;\">Respecto de la materia que convoc\u00f3 la presencia del director regional de vialidad, Jorge Guti\u00e9rrez, el dirigente destac\u00f3 que en la oportunidad se recibi\u00f3 una detalla exposici\u00f3n respecto de los proyectos que est\u00e1n en ejecuci\u00f3n\u00a0 \u00a0en la comuna, mejoramiento, reparaci\u00f3n y construcci\u00f3n, del mismo modo cada dirigente expuso sus observaciones en relaci\u00f3n con las obras que se est\u00e1n llevando a cabo y la necesidad de coordinarse para un mejor desarrollo de los trabajos que se ejecutan tanto por el valle del Carmen, El Tr\u00e1nsito, como en la ruta que une a Alto del Carmen, con la ciudad de Vallenar.<\/p>\n<p style=\"text-align: justify;\">El Gobernador de la provincia, Patricio Urquieta, agradeci\u00f3 a la directiva saliente y les inst\u00f3 a continuar trabajando por el desarrollo el progreso y bienestar de la comuna y de su gente, al mismo tiempo que felicito a quienes hoy asumen en esta gran tarea que es el construir y generar los espacios de integraci\u00f3n y participaci\u00f3n de la comunidad organizada en conjunto con el gobierno y con las autoridades locales.<\/p>\n","protected":false},"excerpt":{"rendered":"<p>En el marco de la habitual jornada\u00a0 de trabajo que peri\u00f3dicamente realiza la Uni\u00f3n Comunal de Junta de Vecinos de Alto del Carmen, se llev\u00f3&hellip; <\/p>\n","protected":false},"author":2,"featured_media":10466,"comment_status":"open","ping_status":"closed","sticky":false,"template":"","format":"standard","meta":{"footnotes":""},"categories":[5],"tags":[],"class_list":["post-10465","post","type-post","status-publish","format-standard","has-post-thumbnail","hentry","category-alto-del-carmen"],"_links":{"self":[{"href":"https:\/\/www.radioamigavallenar.cl\/index.php?rest_route=\/wp\/v2\/posts\/10465","targetHints":{"allow":["GET"]}}],"collection":[{"href":"https:\/\/www.radioamigavallenar.cl\/index.php?rest_route=\/wp\/v2\/posts"}],"about":[{"href":"https:\/\/www.radioamigavallenar.cl\/index.php?rest_route=\/wp\/v2\/types\/post"}],"author":[{"embeddable":true,"href":"https:\/\/www.radioamigavallenar.cl\/index.php?rest_route=\/wp\/v2\/users\/2"}],"replies":[{"embeddable":true,"href":"https:\/\/www.radioamigavallenar.cl\/index.php?rest_route=%2Fwp%2Fv2%2Fcomments&post=10465"}],"version-history":[{"count":0,"href":"https:\/\/www.radioamigavallenar.cl\/index.php?rest_route=\/wp\/v2\/posts\/10465\/revisions"}],"wp:featuredmedia":[{"embeddable":true,"href":"https:\/\/www.radioamigavallenar.cl\/index.php?rest_route=\/wp\/v2\/media\/10466"}],"wp:attachment":[{"href":"https:\/\/www.radioamigavallenar.cl\/index.php?rest_route=%2Fwp%2Fv2%2Fmedia&parent=10465"}],"wp:term":[{"taxonomy":"category","embeddable":true,"href":"https:\/\/www.radioamigavallenar.cl\/index.php?rest_route=%2Fwp%2Fv2%2Fcategories&post=10465"},{"taxonomy":"post_tag","embeddable":true,"href":"https:\/\/www.radioamigavallenar.cl\/index.php?rest_route=%2Fwp%2Fv2%2Ftags&post=10465"}],"curies":[{"name":"wp","href":"https:\/\/api.w.org\/{rel}","templated":true}]}}