{"id":10440,"date":"2018-06-18T08:11:07","date_gmt":"2018-06-18T11:11:07","guid":{"rendered":"http:\/\/www.radioamigavallenar.cl\/?p=10440"},"modified":"2018-06-18T08:11:07","modified_gmt":"2018-06-18T11:11:07","slug":"arequipa-sera-la-sede-de-los-judejut-2019","status":"publish","type":"post","link":"https:\/\/www.radioamigavallenar.cl\/?p=10440","title":{"rendered":"Arequipa ser\u00e1 la sede de los Judejut 2019"},"content":{"rendered":"<p style=\"font-weight: 400; text-align: justify;\"><a href=\"http:\/\/www.radioamigavallenar.cl\/wp-content\/uploads\/2018\/06\/Firma-acta-Judejut.jpg\"><img loading=\"lazy\" decoding=\"async\" class=\" size-medium wp-image-10441 aligncenter\" src=\"http:\/\/www.radioamigavallenar.cl\/wp-content\/uploads\/2018\/06\/Firma-acta-Judejut-300x200.jpg\" alt=\"Firma acta Judejut\" width=\"300\" height=\"200\" srcset=\"https:\/\/www.radioamigavallenar.cl\/wp-content\/uploads\/2018\/06\/Firma-acta-Judejut-300x200.jpg 300w, https:\/\/www.radioamigavallenar.cl\/wp-content\/uploads\/2018\/06\/Firma-acta-Judejut.jpg 700w\" sizes=\"auto, (max-width: 300px) 100vw, 300px\" \/><\/a><\/p>\n<p style=\"font-weight: 400; text-align: justify;\">Luego de una intensa jornada de debate, an\u00e1lisis y reflexi\u00f3n, realizada ayer en la ciudad de Arica, por las autoridades del deporte de Chile, Bolivia y Per\u00fa que son parte de los Juegos Deportivos de la Juventud Trasandina, se confirm\u00f3 que la pr\u00f3xima sede de este evento competitivo que re\u00fane a los j\u00f3venes de la macro zona andina, ser\u00e1 la regi\u00f3n de Arequipa.<\/p>\n<p style=\"font-weight: 400; text-align: justify;\">Por lo menos as\u00ed qued\u00f3 sellado luego de la firma del Acta de Arica 2018, que sistematiza los principales acuerdos de la Asamblea Extraordinaria celebrada ayer en la ciudad de la eterna primavera, que tuvo adem\u00e1s como objetivo fijar lineamientos que permitan potenciar estos Juegos.<\/p>\n<p style=\"font-weight: 400; text-align: justify;\">\u201cNos interesa que estos juegos que son de integraci\u00f3n y fraternidad se transformen en un trampol\u00edn del desarrollo deportivo de los j\u00f3venes participantes. Ya ha sucedido con algunos, como los marchistas Yerko y Edward Araya o la lanzadora del disco Karen Gallardo. Pero esperamos que sean muchos m\u00e1s\u201d, inform\u00f3 Guillermo Procuriza Naim, Presidente de los Judejut Chile y Seremi del Deporte de Atacama.<\/p>\n<p style=\"font-weight: 400; text-align: justify;\">La autoridad detall\u00f3 adem\u00e1s que \u201cpor lo mismo queremos aumentar el nivel competitivo por ejemplo validando la exigencia de marcas m\u00ednimas de presentaci\u00f3n e integrando nuevas disciplinas, modificaciones que deber\u00e1n estar presentes en los Judejut del pr\u00f3ximo a\u00f1o que definitivamente se realizar\u00e1n en Arequipa\u201d, concluy\u00f3 Procuriza este medio d\u00eda bajo los pies del Morro, escenario elegido para la firma del acta\u00a0\u00a0y fotograf\u00eda oficial de esta reuni\u00f3n.<\/p>\n<p style=\"font-weight: 400; text-align: justify;\">En tanto, el Presidente de los Judejut 2019, Sergio Oliver Marroqu\u00edn, Presidente del Instituto Peruano del Deporte de Arequipa, agradeci\u00f3 esta nominaci\u00f3n y se\u00f1al\u00f3 que trabajar\u00e1n desde ya en organizar unos juegos de gran calidad.<\/p>\n<p style=\"font-weight: 400; text-align: justify;\">\u201cPara nosotros esto representa un gran desaf\u00edo. Chile nos ha puesto la vara muy alta y nuestros hermanos de Bolivia tambi\u00e9n. Por lo mismo nuestra ciudad que resulta ser la m\u00e1s grande de las que integran los trasandinos y la que ha resultado campeona de varias ediciones de estos juegos, quiere estar a la altura de los resultados y de la organizaci\u00f3n. Trabajaremos para que sea de nivel 1A, de tal manera que todos sean testigos y disfruten de una organizaci\u00f3n de calidad que alimente el hambre de triunfos\u201d.<\/p>\n<p style=\"font-weight: 400; text-align: justify;\">Las autoridades presentes en Arica fueron despedidas por la Intendenta de la regi\u00f3n del extremo norte, Mar\u00eda Loreto Letelier, quien no s\u00f3lo agradeci\u00f3 la presencia de las autoridades de los 3 pa\u00edses, sino que adem\u00e1s los alent\u00f3 a seguir trabajando por el desarrollo deportivo.<\/p>\n<p style=\"font-weight: 400; text-align: justify;\">\u201cLa reuni\u00f3n que hoy termina, fue fruto de la gesti\u00f3n de nuestro Seremi del Deporte Rodrigo Bustamante. Nos interesa de sobremanera que nuestros j\u00f3venes y los de todas las regiones participantes, sepan que las autoridades de Arica y Parinacota han o\u00eddo el mandato presidencial y vamos a trabajar por apoyar su desarrollo deportivo, porque sabemos que para ellos estos juegos son muy importantes, esenciales, las medallas que conquistan son precisamente de un esfuerzo y compromiso que debe ser acompa\u00f1ado\u201d.<\/p>\n<p style=\"font-weight: 400; text-align: justify;\">La edici\u00f3n XX de los Juegos de la Juventud Trasandina, qued\u00f3 agendada para el mes de mayo del pr\u00f3ximo a\u00f1o.<\/p>\n","protected":false},"excerpt":{"rendered":"<p>Luego de una intensa jornada de debate, an\u00e1lisis y reflexi\u00f3n, realizada ayer en la ciudad de Arica, por las autoridades del deporte de Chile, Bolivia&hellip; <\/p>\n","protected":false},"author":2,"featured_media":10441,"comment_status":"open","ping_status":"closed","sticky":false,"template":"","format":"standard","meta":{"footnotes":""},"categories":[8],"tags":[],"class_list":["post-10440","post","type-post","status-publish","format-standard","has-post-thumbnail","hentry","category-deportes"],"_links":{"self":[{"href":"https:\/\/www.radioamigavallenar.cl\/index.php?rest_route=\/wp\/v2\/posts\/10440","targetHints":{"allow":["GET"]}}],"collection":[{"href":"https:\/\/www.radioamigavallenar.cl\/index.php?rest_route=\/wp\/v2\/posts"}],"about":[{"href":"https:\/\/www.radioamigavallenar.cl\/index.php?rest_route=\/wp\/v2\/types\/post"}],"author":[{"embeddable":true,"href":"https:\/\/www.radioamigavallenar.cl\/index.php?rest_route=\/wp\/v2\/users\/2"}],"replies":[{"embeddable":true,"href":"https:\/\/www.radioamigavallenar.cl\/index.php?rest_route=%2Fwp%2Fv2%2Fcomments&post=10440"}],"version-history":[{"count":0,"href":"https:\/\/www.radioamigavallenar.cl\/index.php?rest_route=\/wp\/v2\/posts\/10440\/revisions"}],"wp:featuredmedia":[{"embeddable":true,"href":"https:\/\/www.radioamigavallenar.cl\/index.php?rest_route=\/wp\/v2\/media\/10441"}],"wp:attachment":[{"href":"https:\/\/www.radioamigavallenar.cl\/index.php?rest_route=%2Fwp%2Fv2%2Fmedia&parent=10440"}],"wp:term":[{"taxonomy":"category","embeddable":true,"href":"https:\/\/www.radioamigavallenar.cl\/index.php?rest_route=%2Fwp%2Fv2%2Fcategories&post=10440"},{"taxonomy":"post_tag","embeddable":true,"href":"https:\/\/www.radioamigavallenar.cl\/index.php?rest_route=%2Fwp%2Fv2%2Ftags&post=10440"}],"curies":[{"name":"wp","href":"https:\/\/api.w.org\/{rel}","templated":true}]}}