{"id":10384,"date":"2018-06-14T12:07:39","date_gmt":"2018-06-14T15:07:39","guid":{"rendered":"http:\/\/www.radioamigavallenar.cl\/?p=10384"},"modified":"2018-06-14T12:08:12","modified_gmt":"2018-06-14T15:08:12","slug":"70-anos-congregacion-santa-marta-en-chile-vallenar-se-hace-presente","status":"publish","type":"post","link":"https:\/\/www.radioamigavallenar.cl\/?p=10384","title":{"rendered":"70 a\u00f1os congregaci\u00f3n Santa marta en Chile, Vallenar se hace presente"},"content":{"rendered":"<p style=\"text-align: justify;\"><a href=\"http:\/\/www.radioamigavallenar.cl\/wp-content\/uploads\/2018\/06\/Santa-Marta.jpg\"><img loading=\"lazy\" decoding=\"async\" class=\" size-medium wp-image-10385 aligncenter\" src=\"http:\/\/www.radioamigavallenar.cl\/wp-content\/uploads\/2018\/06\/Santa-Marta-300x225.jpg\" alt=\"Santa Marta\" width=\"300\" height=\"225\" srcset=\"https:\/\/www.radioamigavallenar.cl\/wp-content\/uploads\/2018\/06\/Santa-Marta-300x225.jpg 300w, https:\/\/www.radioamigavallenar.cl\/wp-content\/uploads\/2018\/06\/Santa-Marta.jpg 700w\" sizes=\"auto, (max-width: 300px) 100vw, 300px\" \/><\/a><\/p>\n<p style=\"text-align: justify;\">Una delegaci\u00f3n compuesta por alumnos, profesores, apoderados y amigos del liceo Santa Marta, lleg\u00f3 hasta la ciudad de Talca, esta semana, con el prop\u00f3sito de participar de los actos centrales de la celebraci\u00f3n de la llegada de las religiosas de la congregaci\u00f3n Santa Marta a Chile.<\/p>\n<p style=\"text-align: justify;\">Por este motivo la ciudad maulina\u00a0 como sede de la congregaci\u00f3n desarroll\u00f3 una serie de actividades para conmemorar esta fecha y en la que se dieron cita\u00a0 delegaciones de los 11 liceos Santa Marta que se encuentran a lo largo del pa\u00eds, encuentro que reuni\u00f3 a cerca de 500 personas.<\/p>\n<p style=\"text-align: justify;\">Para tales efectos se llev\u00f3 a cabo una misa en la Catedral de Talca, para finalizar las actividades con una Gala Cultural en el Teatro Regional de Maule, donde se disfrut\u00f3 de un concierto interpretado por la orquesta sinf\u00f3nica y el coro del liceo de Talca.<\/p>\n<p style=\"text-align: justify;\">Sor Nazarena Donoso, \u00a0Delegada para Latinoam\u00e9rica de la Congregaci\u00f3n, presente en la jornada destac\u00f3 \u201cEsto es una oportunidad para sensibilizar a todas la comunidades con las celebraciones que la congregaci\u00f3n tendr\u00e1 este a\u00f1o y el mensaje es seguir avanzando por las huellas del padre fundador Tomasso Reggio y que Dios nos bendiga a todos y que podamos seguir sembrando el bien donde Dios nos ha instalado\u201d.<\/p>\n<p style=\"text-align: justify;\">En tanto Sor Ana Mar\u00eda ca\u00f1ete, directora del Liceo Santa Marta de Vallenar, expres\u00f3 \u201cLa verdad\u00a0 que deseamos invitar a todos a celebrar junto a la comunidad santamartina estos hermosos acontecimientos que nos han de convocar este a\u00f1o; los 200 a\u00f1os del padre fundador Beato Tomasso Reggio y los 140 a\u00f1os, adem\u00e1s del nacimiento de la congregaci\u00f3n en Italia\u201d. Hecho ocurrido en Italia en 1878.<\/p>\n<p style=\"text-align: justify;\"><strong>Historia<\/strong><\/p>\n<p style=\"text-align: justify;\">La historia se\u00f1ala que el 12 de junio del a\u00f1o 1948 llegan a Chile las 8 primeras religiosas de la congregaci\u00f3n, convirtiendo al pa\u00eds y espec\u00edficamente a la ciudad de Talca\u00a0 en la cuna de la misi\u00f3n de las religiosas en Am\u00e9rica Latina.<\/p>\n<p style=\"text-align: justify;\">Es la primera fundaci\u00f3n de la Congregaci\u00f3n en Latinoam\u00e9rica. Fue Monse\u00f1or Manuel Larra\u00edn quien en 1947 conoci\u00f3 a la Congregaci\u00f3n de las Religiosas de Santa Marta en Italia. Un a\u00f1o m\u00e1s tarde recibi\u00f3 a ocho de ellas en el puerto de Valpara\u00edso, y luego las acompa\u00f1\u00f3 a Talca. Es por ello que en la celebraci\u00f3n de los 70 a\u00f1os de la presencia de esta congregaci\u00f3n en Latinoam\u00e9rica se reconoce a la capital regional como cuna de su misi\u00f3n en nuestro continente.<\/p>\n<p style=\"text-align: center;\"><a href=\"http:\/\/www.radioamigavallenar.cl\/wp-content\/uploads\/2018\/06\/Santa-Marta.jpg\"><img loading=\"lazy\" decoding=\"async\" class=\"alignnone wp-image-10385 size-full\" src=\"http:\/\/www.radioamigavallenar.cl\/wp-content\/uploads\/2018\/06\/Santa-Marta.jpg\" alt=\"Santa Marta\" width=\"700\" height=\"525\" srcset=\"https:\/\/www.radioamigavallenar.cl\/wp-content\/uploads\/2018\/06\/Santa-Marta.jpg 700w, https:\/\/www.radioamigavallenar.cl\/wp-content\/uploads\/2018\/06\/Santa-Marta-300x225.jpg 300w\" sizes=\"auto, (max-width: 700px) 100vw, 700px\" \/><\/a><\/p>\n","protected":false},"excerpt":{"rendered":"<p>Una delegaci\u00f3n compuesta por alumnos, profesores, apoderados y amigos del liceo Santa Marta, lleg\u00f3 hasta la ciudad de Talca, esta semana, con el prop\u00f3sito de&hellip; <\/p>\n","protected":false},"author":2,"featured_media":10385,"comment_status":"open","ping_status":"closed","sticky":false,"template":"","format":"standard","meta":{"footnotes":""},"categories":[2],"tags":[],"class_list":["post-10384","post","type-post","status-publish","format-standard","has-post-thumbnail","hentry","category-vallenar"],"_links":{"self":[{"href":"https:\/\/www.radioamigavallenar.cl\/index.php?rest_route=\/wp\/v2\/posts\/10384","targetHints":{"allow":["GET"]}}],"collection":[{"href":"https:\/\/www.radioamigavallenar.cl\/index.php?rest_route=\/wp\/v2\/posts"}],"about":[{"href":"https:\/\/www.radioamigavallenar.cl\/index.php?rest_route=\/wp\/v2\/types\/post"}],"author":[{"embeddable":true,"href":"https:\/\/www.radioamigavallenar.cl\/index.php?rest_route=\/wp\/v2\/users\/2"}],"replies":[{"embeddable":true,"href":"https:\/\/www.radioamigavallenar.cl\/index.php?rest_route=%2Fwp%2Fv2%2Fcomments&post=10384"}],"version-history":[{"count":0,"href":"https:\/\/www.radioamigavallenar.cl\/index.php?rest_route=\/wp\/v2\/posts\/10384\/revisions"}],"wp:featuredmedia":[{"embeddable":true,"href":"https:\/\/www.radioamigavallenar.cl\/index.php?rest_route=\/wp\/v2\/media\/10385"}],"wp:attachment":[{"href":"https:\/\/www.radioamigavallenar.cl\/index.php?rest_route=%2Fwp%2Fv2%2Fmedia&parent=10384"}],"wp:term":[{"taxonomy":"category","embeddable":true,"href":"https:\/\/www.radioamigavallenar.cl\/index.php?rest_route=%2Fwp%2Fv2%2Fcategories&post=10384"},{"taxonomy":"post_tag","embeddable":true,"href":"https:\/\/www.radioamigavallenar.cl\/index.php?rest_route=%2Fwp%2Fv2%2Ftags&post=10384"}],"curies":[{"name":"wp","href":"https:\/\/api.w.org\/{rel}","templated":true}]}}