{"id":10381,"date":"2018-06-14T12:02:48","date_gmt":"2018-06-14T15:02:48","guid":{"rendered":"http:\/\/www.radioamigavallenar.cl\/?p=10381"},"modified":"2018-06-14T12:02:48","modified_gmt":"2018-06-14T15:02:48","slug":"liceos-humanistas-cientificos-de-la-provincia-del-huasco-visitaron-alto-del-carmen","status":"publish","type":"post","link":"https:\/\/www.radioamigavallenar.cl\/?p=10381","title":{"rendered":"Liceos Humanistas cient\u00edficos de la provincia del Huasco visitaron Alto del Carmen"},"content":{"rendered":"<p style=\"font-weight: 400; text-align: center;\"><a href=\"http:\/\/www.radioamigavallenar.cl\/wp-content\/uploads\/2018\/06\/alumnos-liceo-AC.jpg\"><img loading=\"lazy\" decoding=\"async\" class=\"alignnone size-medium wp-image-10382\" src=\"http:\/\/www.radioamigavallenar.cl\/wp-content\/uploads\/2018\/06\/alumnos-liceo-AC-300x169.jpg\" alt=\"alumnos liceo AC\" width=\"300\" height=\"169\" srcset=\"https:\/\/www.radioamigavallenar.cl\/wp-content\/uploads\/2018\/06\/alumnos-liceo-AC-300x169.jpg 300w, https:\/\/www.radioamigavallenar.cl\/wp-content\/uploads\/2018\/06\/alumnos-liceo-AC.jpg 700w\" sizes=\"auto, (max-width: 300px) 100vw, 300px\" \/><\/a><\/p>\n<p style=\"font-weight: 400; text-align: justify;\">Los liceos que focalizaron la jornada t\u00e9cnica en el \u00e1rea de ciencias, fueron el liceo Pedro Troncoso Machuca, Liceo Bicentenario y Liceo San Francisco que recorrieron las dependencias del Liceo Alto del Carmen con quienes realizaron un proceso de articulaci\u00f3n debido a que este ultimo cuenta con un laboratorio al aire libre ( Invernadero con liliums, sistema de acuiponia con el proceso del ciclo de vida de las truchas y la reutilizaci\u00f3n del agua para el sistema de hidropon\u00eda). Por esto mismo la supervisora provincial de educaci\u00f3n Ver\u00f3nica As\u00eds inst\u00f3 a las docentes de ciencias del Liceo Alto del Carmen junto a los docentes y alumnos de agropecuaria a desplegar sus conocimientos \u00a0para con sus pares de Vallenar.<\/p>\n<p style=\"font-weight: 400; text-align: justify;\">A los grupos de trabajo se les plante\u00f3 una Hip\u00f3tesis para que en terreno investigar\u00e1n como por ejemplo: \u00bf Por que las truchas en este sistema han crecido m\u00e1s y en menos tiempo que en su similar de la cuarta regi\u00f3n? \u00bfQu\u00e9 influencia ha tenido el clima o el complemento de alimentaci\u00f3n con lombrices?, en relaci\u00f3n al desarrollo de los lilium; \u00bfEl sistema de sombra del invernadero y sus materiales han influido en el mayor crecimiento por sobre su similar de la quinta regi\u00f3n? \u00bfLa temperatura o luz solar en qu\u00e9 afecta a la calidad de la planta, cantidad de flores o crecimiento? \u00bfC\u00f3mo eliminamos naturalmente los par\u00e1sitos o plagas para los lilium?, tambi\u00e9n se mostr\u00f3 la forma ancestral de purificar el agua con pencas de tuna para hacerla potable.<\/p>\n<p style=\"font-weight: 400; text-align: justify;\">De esta forma los estudiantes experimentaron de forma significativa y pr\u00e1ctica las ciencias investigando durante toda una ma\u00f1ana las distintas formas de trabajo agropecuario y sus procesos generando v\u00ednculos con los docentes y sus pares, adem\u00e1s al finalizar disfrutaron de una muestra gastron\u00f3mica preparada por los alumnos de Servicios de Turismo que inclu\u00eda jugos naturales y productos sacados del mismo predio.<\/p>\n<p style=\"font-weight: 400; text-align: justify;\">Por su parte la supervisora provincial Ver\u00f3nica As\u00eds, coment\u00f3 que los alumnos y profesores de Vallenar se fueron con las expectativas superadas por el aprendizaje basado en lo vivencial, valor\u00f3 el apoyo pedag\u00f3gico del establecimiento para la red de liceos Humanistas Cient\u00edficos, por lo que felicitaba a los docentes Marcia Palma, Adriana Villanueva y Patricio Zepeda por su despliegue en conjunto con los alumnos que participaron, ya que se nota el desarrollo profesional y personal en cada uno de ellos.<\/p>\n","protected":false},"excerpt":{"rendered":"<p>Los liceos que focalizaron la jornada t\u00e9cnica en el \u00e1rea de ciencias, fueron el liceo Pedro Troncoso Machuca, Liceo Bicentenario y Liceo San Francisco que&hellip; <\/p>\n","protected":false},"author":2,"featured_media":10382,"comment_status":"open","ping_status":"closed","sticky":false,"template":"","format":"standard","meta":{"footnotes":""},"categories":[7],"tags":[],"class_list":["post-10381","post","type-post","status-publish","format-standard","has-post-thumbnail","hentry","category-atacama"],"_links":{"self":[{"href":"https:\/\/www.radioamigavallenar.cl\/index.php?rest_route=\/wp\/v2\/posts\/10381","targetHints":{"allow":["GET"]}}],"collection":[{"href":"https:\/\/www.radioamigavallenar.cl\/index.php?rest_route=\/wp\/v2\/posts"}],"about":[{"href":"https:\/\/www.radioamigavallenar.cl\/index.php?rest_route=\/wp\/v2\/types\/post"}],"author":[{"embeddable":true,"href":"https:\/\/www.radioamigavallenar.cl\/index.php?rest_route=\/wp\/v2\/users\/2"}],"replies":[{"embeddable":true,"href":"https:\/\/www.radioamigavallenar.cl\/index.php?rest_route=%2Fwp%2Fv2%2Fcomments&post=10381"}],"version-history":[{"count":0,"href":"https:\/\/www.radioamigavallenar.cl\/index.php?rest_route=\/wp\/v2\/posts\/10381\/revisions"}],"wp:featuredmedia":[{"embeddable":true,"href":"https:\/\/www.radioamigavallenar.cl\/index.php?rest_route=\/wp\/v2\/media\/10382"}],"wp:attachment":[{"href":"https:\/\/www.radioamigavallenar.cl\/index.php?rest_route=%2Fwp%2Fv2%2Fmedia&parent=10381"}],"wp:term":[{"taxonomy":"category","embeddable":true,"href":"https:\/\/www.radioamigavallenar.cl\/index.php?rest_route=%2Fwp%2Fv2%2Fcategories&post=10381"},{"taxonomy":"post_tag","embeddable":true,"href":"https:\/\/www.radioamigavallenar.cl\/index.php?rest_route=%2Fwp%2Fv2%2Ftags&post=10381"}],"curies":[{"name":"wp","href":"https:\/\/api.w.org\/{rel}","templated":true}]}}