{"id":10377,"date":"2018-06-14T11:58:23","date_gmt":"2018-06-14T14:58:23","guid":{"rendered":"http:\/\/www.radioamigavallenar.cl\/?p=10377"},"modified":"2018-06-14T11:58:23","modified_gmt":"2018-06-14T14:58:23","slug":"gobierno-regional-y-corproa-coordinan-trabajo-para-reactivar-la-economia-en-la-provincia-del-huasco","status":"publish","type":"post","link":"https:\/\/www.radioamigavallenar.cl\/?p=10377","title":{"rendered":"Gobierno Regional y Corproa coordinan trabajo para reactivar la econom\u00eda en la Provincia del Huasco"},"content":{"rendered":"<p style=\"text-align: center;\"><a href=\"http:\/\/www.radioamigavallenar.cl\/wp-content\/uploads\/2018\/06\/Intendenta-y-Corproa.jpg\"><img loading=\"lazy\" decoding=\"async\" class=\"alignnone size-medium wp-image-10378\" src=\"http:\/\/www.radioamigavallenar.cl\/wp-content\/uploads\/2018\/06\/Intendenta-y-Corproa-300x189.jpg\" alt=\"Intendenta y Corproa\" width=\"300\" height=\"189\" srcset=\"https:\/\/www.radioamigavallenar.cl\/wp-content\/uploads\/2018\/06\/Intendenta-y-Corproa-300x189.jpg 300w, https:\/\/www.radioamigavallenar.cl\/wp-content\/uploads\/2018\/06\/Intendenta-y-Corproa.jpg 700w\" sizes=\"auto, (max-width: 300px) 100vw, 300px\" \/><\/a><\/p>\n<p style=\"text-align: justify;\">Una provechosa reuni\u00f3n de trabajo sostuvo este martes la Intendenta Berta Torres Licuime, el Presidente de la Corporaci\u00f3n para el Desarrollo de la Regi\u00f3n de Atacama (Corproa) Daniel Llorente y el Gobernador de la Provincia del Huasco, Patricio Urquieta. La cita llevada a cabo en la comuna de Vallenar tuvo como objetivo coordinar acciones y comprometer esfuerzos p\u00fablicos-privados, que permitir\u00e1n generar m\u00e1s y mejores oportunidades de empleo para la Provincia.<\/p>\n<p style=\"text-align: justify;\">En esta reuni\u00f3n tambi\u00e9n participaron los Secretarios Regionales Ministeriales Patricio Araya (Agricultura), Carlos Leal (Trabajo) y Felipe Carrasco (Miner\u00eda).<\/p>\n<p style=\"text-align: justify;\">La Intendenta Torre valor\u00f3 el encuentro y destac\u00f3 el compromiso que ha manifestado la Corproa por sumar esfuerzos que permitan levantar la provincia y la regi\u00f3n. \u201cPara nosotros es muy importante conversar con cada uno de los actores que de alguna u otra manera est\u00e1n vinculados a la generaci\u00f3n de empleos. Estamos muy satisfechos porque fue una reuni\u00f3n muy provechosa en la cual don Daniel Llorente nos expuso la situaci\u00f3n en la que se encuentra nuestra regi\u00f3n en t\u00e9rminos de miner\u00eda, agricultura, comercio, turismo y todo lo que tiene que ver con la econom\u00eda que mueve a la Provincia del Huasco y de lo cual hemos tomado debidas notas, para poder ir conjuntamente con las diferentes carteras presentes y cumpliendo metas y desaf\u00edos a seguir.\u201d<\/p>\n<p style=\"text-align: justify;\">Por su parte, Llorente destac\u00f3 \u201csin duda alguna que es sumamente gratificante ver un Gobierno Regional en terreno y que va a las provincias que tiene Atacama y con el gran inter\u00e9s de colaborar y poder llevar adelante la econom\u00eda y todos los temas sensibles que hoy existen en especial en el Valle del Huasco, as\u00ed que muy satisfecho. Creemos que aqu\u00ed hay una gran tarea donde los privados tambi\u00e9n podemos y tenemos la obligaci\u00f3n de colaborar y estamos en eso, como corporaci\u00f3n, al servicio y atentos al llamado de la autoridad cuando sea necesario y que finalmente logre apoyar a toda una provincia.\u201d<\/p>\n","protected":false},"excerpt":{"rendered":"<p>Una provechosa reuni\u00f3n de trabajo sostuvo este martes la Intendenta Berta Torres Licuime, el Presidente de la Corporaci\u00f3n para el Desarrollo de la Regi\u00f3n de&hellip; <\/p>\n","protected":false},"author":2,"featured_media":10378,"comment_status":"open","ping_status":"closed","sticky":false,"template":"","format":"standard","meta":{"footnotes":""},"categories":[2],"tags":[],"class_list":["post-10377","post","type-post","status-publish","format-standard","has-post-thumbnail","hentry","category-vallenar"],"_links":{"self":[{"href":"https:\/\/www.radioamigavallenar.cl\/index.php?rest_route=\/wp\/v2\/posts\/10377","targetHints":{"allow":["GET"]}}],"collection":[{"href":"https:\/\/www.radioamigavallenar.cl\/index.php?rest_route=\/wp\/v2\/posts"}],"about":[{"href":"https:\/\/www.radioamigavallenar.cl\/index.php?rest_route=\/wp\/v2\/types\/post"}],"author":[{"embeddable":true,"href":"https:\/\/www.radioamigavallenar.cl\/index.php?rest_route=\/wp\/v2\/users\/2"}],"replies":[{"embeddable":true,"href":"https:\/\/www.radioamigavallenar.cl\/index.php?rest_route=%2Fwp%2Fv2%2Fcomments&post=10377"}],"version-history":[{"count":0,"href":"https:\/\/www.radioamigavallenar.cl\/index.php?rest_route=\/wp\/v2\/posts\/10377\/revisions"}],"wp:featuredmedia":[{"embeddable":true,"href":"https:\/\/www.radioamigavallenar.cl\/index.php?rest_route=\/wp\/v2\/media\/10378"}],"wp:attachment":[{"href":"https:\/\/www.radioamigavallenar.cl\/index.php?rest_route=%2Fwp%2Fv2%2Fmedia&parent=10377"}],"wp:term":[{"taxonomy":"category","embeddable":true,"href":"https:\/\/www.radioamigavallenar.cl\/index.php?rest_route=%2Fwp%2Fv2%2Fcategories&post=10377"},{"taxonomy":"post_tag","embeddable":true,"href":"https:\/\/www.radioamigavallenar.cl\/index.php?rest_route=%2Fwp%2Fv2%2Ftags&post=10377"}],"curies":[{"name":"wp","href":"https:\/\/api.w.org\/{rel}","templated":true}]}}