{"id":10373,"date":"2018-06-14T11:54:28","date_gmt":"2018-06-14T14:54:28","guid":{"rendered":"http:\/\/www.radioamigavallenar.cl\/?p=10373"},"modified":"2018-06-14T11:54:28","modified_gmt":"2018-06-14T14:54:28","slug":"reduccion-dieta-parlamentaria-diputado-santana-llamo-a-terminar-la-desigualdad","status":"publish","type":"post","link":"https:\/\/www.radioamigavallenar.cl\/?p=10373","title":{"rendered":"Reducci\u00f3n dieta parlamentaria: diputado Santana llam\u00f3 a terminar la desigualdad"},"content":{"rendered":"<p style=\"text-align: center;\"><a href=\"http:\/\/www.radioamigavallenar.cl\/wp-content\/uploads\/2018\/06\/Santana-y-dieta-parlamentaria.jpg\"><img loading=\"lazy\" decoding=\"async\" class=\"alignnone size-medium wp-image-10374\" src=\"http:\/\/www.radioamigavallenar.cl\/wp-content\/uploads\/2018\/06\/Santana-y-dieta-parlamentaria-300x247.jpg\" alt=\"Santana y dieta parlamentaria\" width=\"300\" height=\"247\" srcset=\"https:\/\/www.radioamigavallenar.cl\/wp-content\/uploads\/2018\/06\/Santana-y-dieta-parlamentaria-300x247.jpg 300w, https:\/\/www.radioamigavallenar.cl\/wp-content\/uploads\/2018\/06\/Santana-y-dieta-parlamentaria.jpg 700w\" sizes=\"auto, (max-width: 300px) 100vw, 300px\" \/><\/a><\/p>\n<p style=\"text-align: justify;\">Juan Santana fue uno de los 76 diputados que vot\u00f3 a favor de un proyecto de acuerdo que solicita al actual gobierno ponerle urgencia a la iniciativa que busca reducir la dieta parlamentaria.<\/p>\n<p style=\"text-align: justify;\">El parlamentario por Atacama se\u00f1al\u00f3 que \u201cChile es una de las naciones latinoamericanas en donde las dietas parlamentarias son m\u00e1s altas y creemos que son situaciones que hay que corregir, tambi\u00e9n para dar una se\u00f1al a la poblaci\u00f3n\u201d.<\/p>\n<p style=\"text-align: justify;\">Por esto, explic\u00f3 que \u201cvotamos a favor de la rebaja de la dieta parlamentaria porque debemos actuar de acorde a la profunda cr\u00edtica que tenemos con los graves \u00edndices de desigualdad en nuestro pa\u00eds\u201d.<\/p>\n<p style=\"text-align: justify;\">Cabe recordar que hubo 76 votos a favor, 46 en contra y 25 abstenciones y por ende se aprob\u00f3 el proyecto que fue ingresado hace cuatro a\u00f1os.<\/p>\n","protected":false},"excerpt":{"rendered":"<p>Juan Santana fue uno de los 76 diputados que vot\u00f3 a favor de un proyecto de acuerdo que solicita al actual gobierno ponerle urgencia a&hellip; <\/p>\n","protected":false},"author":2,"featured_media":10374,"comment_status":"open","ping_status":"closed","sticky":false,"template":"","format":"standard","meta":{"footnotes":""},"categories":[2],"tags":[],"class_list":["post-10373","post","type-post","status-publish","format-standard","has-post-thumbnail","hentry","category-vallenar"],"_links":{"self":[{"href":"https:\/\/www.radioamigavallenar.cl\/index.php?rest_route=\/wp\/v2\/posts\/10373","targetHints":{"allow":["GET"]}}],"collection":[{"href":"https:\/\/www.radioamigavallenar.cl\/index.php?rest_route=\/wp\/v2\/posts"}],"about":[{"href":"https:\/\/www.radioamigavallenar.cl\/index.php?rest_route=\/wp\/v2\/types\/post"}],"author":[{"embeddable":true,"href":"https:\/\/www.radioamigavallenar.cl\/index.php?rest_route=\/wp\/v2\/users\/2"}],"replies":[{"embeddable":true,"href":"https:\/\/www.radioamigavallenar.cl\/index.php?rest_route=%2Fwp%2Fv2%2Fcomments&post=10373"}],"version-history":[{"count":0,"href":"https:\/\/www.radioamigavallenar.cl\/index.php?rest_route=\/wp\/v2\/posts\/10373\/revisions"}],"wp:featuredmedia":[{"embeddable":true,"href":"https:\/\/www.radioamigavallenar.cl\/index.php?rest_route=\/wp\/v2\/media\/10374"}],"wp:attachment":[{"href":"https:\/\/www.radioamigavallenar.cl\/index.php?rest_route=%2Fwp%2Fv2%2Fmedia&parent=10373"}],"wp:term":[{"taxonomy":"category","embeddable":true,"href":"https:\/\/www.radioamigavallenar.cl\/index.php?rest_route=%2Fwp%2Fv2%2Fcategories&post=10373"},{"taxonomy":"post_tag","embeddable":true,"href":"https:\/\/www.radioamigavallenar.cl\/index.php?rest_route=%2Fwp%2Fv2%2Ftags&post=10373"}],"curies":[{"name":"wp","href":"https:\/\/api.w.org\/{rel}","templated":true}]}}