{"id":10367,"date":"2018-06-14T11:48:46","date_gmt":"2018-06-14T14:48:46","guid":{"rendered":"http:\/\/www.radioamigavallenar.cl\/?p=10367"},"modified":"2018-06-14T11:48:46","modified_gmt":"2018-06-14T14:48:46","slug":"pavimentacion-en-j-j-vallejos-cambiara-la-historia-de-sus-vecinos-vallenarinos","status":"publish","type":"post","link":"https:\/\/www.radioamigavallenar.cl\/?p=10367","title":{"rendered":"Pavimentaci\u00f3n en J. J. Vallejos cambiar\u00e1 la historia de sus vecinos vallenarinos"},"content":{"rendered":"<p style=\"font-weight: 400; text-align: justify;\"><a href=\"http:\/\/www.radioamigavallenar.cl\/wp-content\/uploads\/2018\/06\/J-J-Vallejos-sin-pavimentar-2.jpg\"><img loading=\"lazy\" decoding=\"async\" class=\" size-medium wp-image-10368 aligncenter\" src=\"http:\/\/www.radioamigavallenar.cl\/wp-content\/uploads\/2018\/06\/J-J-Vallejos-sin-pavimentar-2-300x183.jpg\" alt=\"J J Vallejos sin pavimentar 2\" width=\"300\" height=\"183\" srcset=\"https:\/\/www.radioamigavallenar.cl\/wp-content\/uploads\/2018\/06\/J-J-Vallejos-sin-pavimentar-2-300x183.jpg 300w, https:\/\/www.radioamigavallenar.cl\/wp-content\/uploads\/2018\/06\/J-J-Vallejos-sin-pavimentar-2.jpg 700w\" sizes=\"auto, (max-width: 300px) 100vw, 300px\" \/><\/a><\/p>\n<p style=\"font-weight: 400; text-align: justify;\">A trav\u00e9s de proyecto postulado por la Municipalidad de Vallenar, al Programa de Mejoramiento Urbano \u2013PMU- de la Subsecretar\u00eda de Desarrollo Regional, vecinos y residentes de la calle J.J Vallejos con Avda. Costanera mejorar\u00e1n su calidad de vida con la pavimentaci\u00f3n de este trayecto que conecta al Paseo Ribere\u00f1o con la Plaza Ambrosio O\u2019Higgins.<\/p>\n<p style=\"font-weight: 400; text-align: justify;\">Dos meses han trascurrido desde que comenz\u00f3 la obra que cambiar\u00e1 el aspecto de la \u00faltima calle sin pavimentar en el centro de Vallenar, que adem\u00e1s incorporar\u00e1 veredas para una mejor circulaci\u00f3n de las personas que transitan por el lugar. Sin embargo su ejecuci\u00f3n ha sido compleja, debido al desnivel que presenta esta calle que por a\u00f1os ha sufrido inundaciones.<\/p>\n<p style=\"font-weight: 400; text-align: justify;\">Al respecto, el alcalde de Vallenar, Cristian Tapia Ramos, coment\u00f3 la importancia de este proyecto por el impacto positivo que genera en la calidad de vida de los vecinos que habitan el sector.<\/p>\n<p style=\"font-weight: 400; text-align: justify;\"><strong><em>\u201cPriorizamos este proyecto porque sabemos que la tierra, el polvo en \u00e9poca de lluvia se hac\u00edan unas pozas tremendas. Ya es un proyecto que est\u00e1 en ejecuci\u00f3n de aqu\u00ed a m\u00e1s tardar en un mes m\u00e1s estar\u00eda en condiciones de ser ocupado, as\u00ed que estamos dando cumplimiento a una necesidad y anhelo que ha tenido la gente de ese sector (\u2026)El total de la gente, casi el cien por ciento est\u00e1 s\u00faper contento y conforme, es cosa de darse una vuelta por el lugar y ver como estaba esa gente 3 a\u00f1os atr\u00e1s sin agua y sin alcantarillado\u201d,<\/em><\/strong>\u00a0expres\u00f3 la m\u00e1xima autoridad comunal.<\/p>\n<p style=\"font-weight: 400; text-align: justify;\">Actualmente la empresa contratista realiza trabajos de suelo previo, antes de la \u00faltima etapa que contempla la aplicaci\u00f3n de una carpeta asf\u00e1ltica. Una vez completado este proceso comenzar\u00e1 la construcci\u00f3n de veredas, que tambi\u00e9n considera un relleno previo de la superficie para una correcta nivelaci\u00f3n.<\/p>\n<p style=\"font-weight: 400; text-align: justify;\">La presidenta de la Junta de Vecinos Sargento Aldea, Celia Vergara, manifest\u00f3 que\u00a0<strong><em>\u201cesta es una mejor\u00eda en el entorno de la ciudad porque J.J Vallejos cruza hasta la plaza central de Vallenar, entonces es el acceso directo que tenemos desde la Costanera. Es parte de un gran proyecto y de una visi\u00f3n de ciudad. A nuestro sector mejora la calidad de vida, porque no habr\u00e1 m\u00e1s preocupaci\u00f3n de esa inundaci\u00f3n tan complicada que se produc\u00eda\u201d.<\/em><\/strong><\/p>\n<p style=\"font-weight: 400; text-align: justify;\">Cada lluvia era una problem\u00e1tica muy compleja para los vecinos del \u00faltimo tramo de J. J. Vallejos, sin embargo, con la pavimentaci\u00f3n se adecuar\u00e1 su pendiente para un mejor flujo de aguas lluvia, el cual tendr\u00e1 desembocadura por calle 14 de julio hasta Coquimbo.<\/p>\n<p style=\"font-weight: 400; text-align: justify;\"><strong>SEGURIDAD<\/strong><\/p>\n<p style=\"font-weight: 400; text-align: justify;\">La JJ.VV Sargento Aldea este a\u00f1o ha sido seleccionada para trabajar en conjunto a la Oficina Comunitaria de la 3era Comisaria de Carabineros de Vallenar, a trav\u00e9s del Modelo de Integraci\u00f3n Carabineros-Comunidad \u2013MICC-, con el que aplicaron un estudio de diagn\u00f3stico sobre las acciones a desarrollar durante este a\u00f1o y que ha solicitado la directiva del sector.<\/p>\n<p style=\"font-weight: 400; text-align: justify;\"><strong><em>\u201cEste programa en la evaluaci\u00f3n que hicieron, el tema de la seguridad es primera prioridad y de la mano va la iluminaci\u00f3n. Se est\u00e1 haciendo un trabajo para podar los \u00e1rboles y esperamos que dentro de un mes tengamos listas la poda. Lamentablemente a veces la gente quisiera resultados inmediatos, pero estos son procedimientos que hay que ir haciendo con peque\u00f1as acciones para lograr el objetivo\u201d<\/em><\/strong>, agreg\u00f3 la se\u00f1ora Celia Vergara.<\/p>\n","protected":false},"excerpt":{"rendered":"<p>A trav\u00e9s de proyecto postulado por la Municipalidad de Vallenar, al Programa de Mejoramiento Urbano \u2013PMU- de la Subsecretar\u00eda de Desarrollo Regional, vecinos y residentes&hellip; <\/p>\n","protected":false},"author":2,"featured_media":10368,"comment_status":"open","ping_status":"closed","sticky":false,"template":"","format":"standard","meta":{"footnotes":""},"categories":[2],"tags":[],"class_list":["post-10367","post","type-post","status-publish","format-standard","has-post-thumbnail","hentry","category-vallenar"],"_links":{"self":[{"href":"https:\/\/www.radioamigavallenar.cl\/index.php?rest_route=\/wp\/v2\/posts\/10367","targetHints":{"allow":["GET"]}}],"collection":[{"href":"https:\/\/www.radioamigavallenar.cl\/index.php?rest_route=\/wp\/v2\/posts"}],"about":[{"href":"https:\/\/www.radioamigavallenar.cl\/index.php?rest_route=\/wp\/v2\/types\/post"}],"author":[{"embeddable":true,"href":"https:\/\/www.radioamigavallenar.cl\/index.php?rest_route=\/wp\/v2\/users\/2"}],"replies":[{"embeddable":true,"href":"https:\/\/www.radioamigavallenar.cl\/index.php?rest_route=%2Fwp%2Fv2%2Fcomments&post=10367"}],"version-history":[{"count":0,"href":"https:\/\/www.radioamigavallenar.cl\/index.php?rest_route=\/wp\/v2\/posts\/10367\/revisions"}],"wp:featuredmedia":[{"embeddable":true,"href":"https:\/\/www.radioamigavallenar.cl\/index.php?rest_route=\/wp\/v2\/media\/10368"}],"wp:attachment":[{"href":"https:\/\/www.radioamigavallenar.cl\/index.php?rest_route=%2Fwp%2Fv2%2Fmedia&parent=10367"}],"wp:term":[{"taxonomy":"category","embeddable":true,"href":"https:\/\/www.radioamigavallenar.cl\/index.php?rest_route=%2Fwp%2Fv2%2Fcategories&post=10367"},{"taxonomy":"post_tag","embeddable":true,"href":"https:\/\/www.radioamigavallenar.cl\/index.php?rest_route=%2Fwp%2Fv2%2Ftags&post=10367"}],"curies":[{"name":"wp","href":"https:\/\/api.w.org\/{rel}","templated":true}]}}