{"id":10346,"date":"2018-06-12T08:54:39","date_gmt":"2018-06-12T11:54:39","guid":{"rendered":"http:\/\/www.radioamigavallenar.cl\/?p=10346"},"modified":"2018-06-12T08:54:39","modified_gmt":"2018-06-12T11:54:39","slug":"injuv-atacama-y-sernameg-dialogaron-sobre-violencia-en-el-pololeo-con-estudiantes","status":"publish","type":"post","link":"https:\/\/www.radioamigavallenar.cl\/?p=10346","title":{"rendered":"INJUV Atacama y SERNAMEG  dialogaron sobre Violencia en el Pololeo con estudiantes"},"content":{"rendered":"<p style=\"text-align: center;\"><a href=\"http:\/\/www.radioamigavallenar.cl\/wp-content\/uploads\/2018\/06\/Violencia-pololoeo.jpg\"><img loading=\"lazy\" decoding=\"async\" class=\"alignnone size-medium wp-image-10347\" src=\"http:\/\/www.radioamigavallenar.cl\/wp-content\/uploads\/2018\/06\/Violencia-pololoeo-300x187.jpg\" alt=\"Violencia pololoeo\" width=\"300\" height=\"187\" srcset=\"https:\/\/www.radioamigavallenar.cl\/wp-content\/uploads\/2018\/06\/Violencia-pololoeo-300x187.jpg 300w, https:\/\/www.radioamigavallenar.cl\/wp-content\/uploads\/2018\/06\/Violencia-pololoeo.jpg 700w\" sizes=\"auto, (max-width: 300px) 100vw, 300px\" \/><\/a><\/p>\n<p style=\"text-align: justify;\">En la Sala de Lectura del IP-CFT Santo Tom\u00e1s sede Copiap\u00f3, se llev\u00f3 a cabo el 5\u00b0 Desayuno P\u00fablico del presente a\u00f1o, organizado por el Instituto Nacional de la Juventud Atacama, junto a una veintena de alumnas y alumnos de las carreras T\u00e9cnico en Enfermer\u00eda y T\u00e9cnico en Educaci\u00f3n Especial.<\/p>\n<p style=\"text-align: justify;\">En esta instancia se abord\u00f3 la \u201cViolencia en el Pololeo\u201d, charla a cargo de una profesional del Servicio Nacional de la Mujer y Equidad de G\u00e9nero, Regi\u00f3n de Atacama,\u00a0 en la que las y los j\u00f3venes tambi\u00e9n pudieron reconocer din\u00e1micas de la relaci\u00f3n de pareja, implementando el \u201cSem\u00e1foro de la Violencia de G\u00e9nero\u201d, herramienta de sensibilizaci\u00f3n que permite estar alerta para detectar y atender este tipo de pr\u00e1cticas que se llevan a cabo en las relaciones interpersonales y que se viven en los \u00e1mbitos de mayor permanencia, como son el familiar, escolar, laboral y en las relaciones de pareja.<\/p>\n<p style=\"text-align: justify;\">Seg\u00fan datos del Sondeo N\u00ba 4 sobre \u201cViolencia en el Pololeo\u201d, realizado por INJUV, los celos son la principal causa de violencia en las parejas, con un 49% de las menciones, seguido por el machismo de la sociedad chilena (40%) y Alcohol\/Drogas, con un 37%.<\/p>\n<p style=\"text-align: justify;\">J\u00f3venes participantes del desayuno coincidieron en que los celos y la desconfianza, son las principales condiciones de riesgo al interior de una relaci\u00f3n de pareja, junto con penalizar la violencia durante el pololeo y educar en la tem\u00e1tica desde temprana edad.<\/p>\n<p style=\"text-align: justify;\">Andrea Seguel Beltr\u00e1n, Directora de Asuntos Estudiantiles de la casa de estudios, se\u00f1al\u00f3 que \u201c<em>Los espacios que se generan para la entrega de informaci\u00f3n de inter\u00e9s para los j\u00f3venes son muy bien acogidos por nuestra Instituci\u00f3n de Educaci\u00f3n Superior. Estamos seguros que para que exista un cambio es importante sensibilizar primero, para crear conciencia entre los j\u00f3venes de la importancia de establecer relaciones de respeto en el pololeo<\/em>\u201d.<\/p>\n<p style=\"text-align: justify;\"><strong>DESAYUNOS P\u00daBLICOS<\/strong><\/p>\n<p style=\"text-align: justify;\">Los Desayunos P\u00fablicos que realiza el INJUV, tienen como objetivo establecer un espacio de di\u00e1logo directo entre los j\u00f3venes y los servicios p\u00fablicos, sobre los derechos sociales y ciudadanos juveniles, y avances del gobierno generando tambi\u00e9n as\u00ed una mayor cercan\u00eda entre el estado y los j\u00f3venes.<\/p>\n","protected":false},"excerpt":{"rendered":"<p>En la Sala de Lectura del IP-CFT Santo Tom\u00e1s sede Copiap\u00f3, se llev\u00f3 a cabo el 5\u00b0 Desayuno P\u00fablico del presente a\u00f1o, organizado por el&hellip; <\/p>\n","protected":false},"author":2,"featured_media":10347,"comment_status":"open","ping_status":"closed","sticky":false,"template":"","format":"standard","meta":{"footnotes":""},"categories":[7],"tags":[],"class_list":["post-10346","post","type-post","status-publish","format-standard","has-post-thumbnail","hentry","category-atacama"],"_links":{"self":[{"href":"https:\/\/www.radioamigavallenar.cl\/index.php?rest_route=\/wp\/v2\/posts\/10346","targetHints":{"allow":["GET"]}}],"collection":[{"href":"https:\/\/www.radioamigavallenar.cl\/index.php?rest_route=\/wp\/v2\/posts"}],"about":[{"href":"https:\/\/www.radioamigavallenar.cl\/index.php?rest_route=\/wp\/v2\/types\/post"}],"author":[{"embeddable":true,"href":"https:\/\/www.radioamigavallenar.cl\/index.php?rest_route=\/wp\/v2\/users\/2"}],"replies":[{"embeddable":true,"href":"https:\/\/www.radioamigavallenar.cl\/index.php?rest_route=%2Fwp%2Fv2%2Fcomments&post=10346"}],"version-history":[{"count":0,"href":"https:\/\/www.radioamigavallenar.cl\/index.php?rest_route=\/wp\/v2\/posts\/10346\/revisions"}],"wp:featuredmedia":[{"embeddable":true,"href":"https:\/\/www.radioamigavallenar.cl\/index.php?rest_route=\/wp\/v2\/media\/10347"}],"wp:attachment":[{"href":"https:\/\/www.radioamigavallenar.cl\/index.php?rest_route=%2Fwp%2Fv2%2Fmedia&parent=10346"}],"wp:term":[{"taxonomy":"category","embeddable":true,"href":"https:\/\/www.radioamigavallenar.cl\/index.php?rest_route=%2Fwp%2Fv2%2Fcategories&post=10346"},{"taxonomy":"post_tag","embeddable":true,"href":"https:\/\/www.radioamigavallenar.cl\/index.php?rest_route=%2Fwp%2Fv2%2Ftags&post=10346"}],"curies":[{"name":"wp","href":"https:\/\/api.w.org\/{rel}","templated":true}]}}