{"id":101953,"date":"2026-04-30T10:47:30","date_gmt":"2026-04-30T14:47:30","guid":{"rendered":"https:\/\/www.radioamigavallenar.cl\/?p=101953"},"modified":"2026-04-30T10:47:30","modified_gmt":"2026-04-30T14:47:30","slug":"municipalidad-de-alto-del-carmen-rinde-cuenta-publica-2025-destacando-inversion-y-desarrollo-social","status":"publish","type":"post","link":"https:\/\/www.radioamigavallenar.cl\/?p=101953","title":{"rendered":"Municipalidad de Alto del Carmen rinde Cuenta P\u00fablica 2025 destacando inversi\u00f3n y desarrollo social"},"content":{"rendered":"<p data-start=\"236\" data-end=\"390\"><strong data-start=\"236\" data-end=\"390\">La gesti\u00f3n municipal resalt\u00f3 avances en programas sociales, infraestructura y desarrollo productivo, con una inversi\u00f3n superior a los $5.200 millones.<\/strong><\/p>\n<p data-start=\"392\" data-end=\"686\">La <span class=\"hover:entity-accent entity-underline inline cursor-pointer align-baseline\"><span class=\"whitespace-normal\">Municipalidad de Alto del Carmen<\/span><\/span> realiz\u00f3 su Cuenta P\u00fablica correspondiente a la gesti\u00f3n 2025, instancia en la que se dieron a conocer los principales avances, inversiones y acciones ejecutadas durante el \u00faltimo per\u00edodo, reafirmando el compromiso con el desarrollo integral de la comuna.<\/p>\n<p data-start=\"688\" data-end=\"916\">La actividad cont\u00f3 con la participaci\u00f3n de autoridades regionales, provinciales y comunales, adem\u00e1s de dirigentes sociales, e incluy\u00f3 una intervenci\u00f3n art\u00edstica de la Escuela de San F\u00e9lix, aportando identidad local a la jornada.<\/p>\n<h3 data-section-id=\"10mv2lx\" data-start=\"918\" data-end=\"958\"><span role=\"text\"><strong data-start=\"922\" data-end=\"958\">Fuerte foco en desarrollo social<\/strong><\/span><\/h3>\n<p data-start=\"960\" data-end=\"1229\">Durante la presentaci\u00f3n, el alcalde <span class=\"hover:entity-accent entity-underline inline cursor-pointer align-baseline\"><span class=\"whitespace-normal\">Cristian Olivares Iriarte<\/span><\/span> destac\u00f3 el fortalecimiento del \u00e1rea social, con \u00e9nfasis en el trabajo con personas mayores a trav\u00e9s de programas como CEDIAM, V\u00ednculos, Cuidados Domiciliarios y la Red Local de Apoyos y Cuidados.<\/p>\n<p data-start=\"1231\" data-end=\"1494\">Asimismo, el Departamento Social ampli\u00f3 su cobertura territorial, entregando apoyo directo a familias de la comuna, junto con avanzar en inclusi\u00f3n mediante iniciativas como \u201cAlto del Carmen Avanza en Inclusi\u00f3n\u201d, orientadas a personas en situaci\u00f3n de discapacidad.<\/p>\n<h3 data-section-id=\"13p8a7n\" data-start=\"1496\" data-end=\"1547\"><span role=\"text\"><strong data-start=\"1500\" data-end=\"1547\">Impulso productivo y desarrollo territorial<\/strong><\/span><\/h3>\n<p data-start=\"1549\" data-end=\"1737\">En materia de desarrollo econ\u00f3mico, se relevaron avances en el apoyo a emprendedores y el fortalecimiento de programas como PRODESAL y PDTI, enfocados en la agricultura familiar campesina.<\/p>\n<p data-start=\"1739\" data-end=\"2068\">Adem\u00e1s, se destac\u00f3 el impulso a la cultura, el turismo y la identidad local, junto con el trabajo de la Secretar\u00eda Comunal de Planificaci\u00f3n (SECPLA), que lidera una cartera de proyectos en ejecuci\u00f3n y licitaci\u00f3n, incluyendo mejoramiento de plazas, construcci\u00f3n de paraderos, sedes comunitarias y ampliaci\u00f3n del alumbrado p\u00fablico.<\/p>\n<h3 data-section-id=\"g16rlo\" data-start=\"2070\" data-end=\"2103\"><span role=\"text\"><strong data-start=\"2074\" data-end=\"2103\">Inversi\u00f3n p\u00fablica y obras<\/strong><\/span><\/h3>\n<p data-start=\"2105\" data-end=\"2358\">El municipio inform\u00f3 una inversi\u00f3n total de $5.252.843.125 provenientes del Gobierno Regional, MINVU, SUBDERE y recursos municipales, junto con un crecimiento del 25,74% en la ejecuci\u00f3n de iniciativas y un aumento del 10,33% en fondos en administraci\u00f3n.<\/p>\n<p data-start=\"2360\" data-end=\"2413\">Entre las principales obras destacadas se encuentran:<\/p>\n<ul data-start=\"2415\" data-end=\"2762\">\n<li data-section-id=\"15l98me\" data-start=\"2415\" data-end=\"2462\">Construcci\u00f3n de ba\u00f1os p\u00fablicos en San F\u00e9lix<\/li>\n<li data-section-id=\"1b9qqnx\" data-start=\"2463\" data-end=\"2500\">Proyectos de energ\u00eda fotovoltaica<\/li>\n<li data-section-id=\"19bqlta\" data-start=\"2501\" data-end=\"2541\">Mejoras en infraestructura deportiva<\/li>\n<li data-section-id=\"1n3wg9f\" data-start=\"2542\" data-end=\"2563\">Mercado Municipal<\/li>\n<li data-section-id=\"qfy4cc\" data-start=\"2564\" data-end=\"2591\">Sucursal de BancoEstado<\/li>\n<li data-section-id=\"tdky93\" data-start=\"2592\" data-end=\"2640\">Mejoramiento de servicios sanitarios rurales<\/li>\n<li data-section-id=\"14xcoeb\" data-start=\"2641\" data-end=\"2702\">Pavimentaci\u00f3n de calles y ampliaci\u00f3n de espacios p\u00fablicos<\/li>\n<li data-section-id=\"1cm55qi\" data-start=\"2703\" data-end=\"2762\">Construcci\u00f3n de helipuerto y el Sendero de la Procesi\u00f3n<\/li>\n<\/ul>\n<h3 data-section-id=\"eulb90\" data-start=\"2764\" data-end=\"2797\"><span role=\"text\"><strong data-start=\"2768\" data-end=\"2797\">Valoraci\u00f3n de autoridades<\/strong><\/span><\/h3>\n<p data-start=\"2799\" data-end=\"2911\">El alcalde Cristian Olivares valor\u00f3 la instancia como un ejercicio de transparencia y cercan\u00eda con la comunidad.<\/p>\n<p data-start=\"2913\" data-end=\"3106\"><strong data-start=\"2913\" data-end=\"3106\">\u201cHemos avanzado en distintas \u00e1reas, pero siempre con un foco claro: mejorar la calidad de vida de nuestros vecinos y vecinas, con una gesti\u00f3n responsable y con sentido territorial\u201d, se\u00f1al\u00f3.<\/strong><\/p>\n<p data-start=\"3108\" data-end=\"3362\">Por su parte, el gobernador regional <span class=\"hover:entity-accent entity-underline inline cursor-pointer align-baseline\"><span class=\"whitespace-normal\">Miguel Vargas Correa<\/span><\/span> destac\u00f3 la diversidad del trabajo municipal, mientras que autoridades como <span class=\"hover:entity-accent entity-underline inline cursor-pointer align-baseline\"><span class=\"whitespace-normal\">Fabiola P\u00e9rez<\/span><\/span> valoraron el enfoque territorial y los avances en infraestructura.<\/p>\n<h3 data-section-id=\"1dl1ac4\" data-start=\"3364\" data-end=\"3390\"><span role=\"text\"><strong data-start=\"3368\" data-end=\"3390\">Proyecci\u00f3n comunal<\/strong><\/span><\/h3>\n<p data-start=\"3392\" data-end=\"3566\">La Cuenta P\u00fablica 2025 evidenci\u00f3 una gesti\u00f3n activa, con una cartera robusta de proyectos y un fuerte trabajo colaborativo entre el municipio, las autoridades y la comunidad.<\/p>\n","protected":false},"excerpt":{"rendered":"<p>La gesti\u00f3n municipal resalt\u00f3 avances en programas sociales, infraestructura y desarrollo productivo, con una inversi\u00f3n superior a los $5.200 millones. La Municipalidad de Alto del&hellip; <\/p>\n","protected":false},"author":5,"featured_media":101954,"comment_status":"closed","ping_status":"closed","sticky":false,"template":"","format":"standard","meta":{"footnotes":""},"categories":[7],"tags":[],"class_list":["post-101953","post","type-post","status-publish","format-standard","has-post-thumbnail","hentry","category-atacama"],"_links":{"self":[{"href":"https:\/\/www.radioamigavallenar.cl\/index.php?rest_route=\/wp\/v2\/posts\/101953","targetHints":{"allow":["GET"]}}],"collection":[{"href":"https:\/\/www.radioamigavallenar.cl\/index.php?rest_route=\/wp\/v2\/posts"}],"about":[{"href":"https:\/\/www.radioamigavallenar.cl\/index.php?rest_route=\/wp\/v2\/types\/post"}],"author":[{"embeddable":true,"href":"https:\/\/www.radioamigavallenar.cl\/index.php?rest_route=\/wp\/v2\/users\/5"}],"replies":[{"embeddable":true,"href":"https:\/\/www.radioamigavallenar.cl\/index.php?rest_route=%2Fwp%2Fv2%2Fcomments&post=101953"}],"version-history":[{"count":1,"href":"https:\/\/www.radioamigavallenar.cl\/index.php?rest_route=\/wp\/v2\/posts\/101953\/revisions"}],"predecessor-version":[{"id":101955,"href":"https:\/\/www.radioamigavallenar.cl\/index.php?rest_route=\/wp\/v2\/posts\/101953\/revisions\/101955"}],"wp:featuredmedia":[{"embeddable":true,"href":"https:\/\/www.radioamigavallenar.cl\/index.php?rest_route=\/wp\/v2\/media\/101954"}],"wp:attachment":[{"href":"https:\/\/www.radioamigavallenar.cl\/index.php?rest_route=%2Fwp%2Fv2%2Fmedia&parent=101953"}],"wp:term":[{"taxonomy":"category","embeddable":true,"href":"https:\/\/www.radioamigavallenar.cl\/index.php?rest_route=%2Fwp%2Fv2%2Fcategories&post=101953"},{"taxonomy":"post_tag","embeddable":true,"href":"https:\/\/www.radioamigavallenar.cl\/index.php?rest_route=%2Fwp%2Fv2%2Ftags&post=101953"}],"curies":[{"name":"wp","href":"https:\/\/api.w.org\/{rel}","templated":true}]}}