{"id":101947,"date":"2026-04-30T00:30:27","date_gmt":"2026-04-30T04:30:27","guid":{"rendered":"https:\/\/www.radioamigavallenar.cl\/?p=101947"},"modified":"2026-04-29T23:33:25","modified_gmt":"2026-04-30T03:33:25","slug":"oposicion-evalua-recurrir-al-tribunal-constitucional-por-ley-de-reconstruccion-nacional","status":"publish","type":"post","link":"https:\/\/www.radioamigavallenar.cl\/?p=101947","title":{"rendered":"Oposici\u00f3n eval\u00faa recurrir al Tribunal Constitucional por Ley de Reconstrucci\u00f3n Nacional"},"content":{"rendered":"<p data-start=\"191\" data-end=\"471\">La oposici\u00f3n se reunir\u00e1 este jueves en la sede del <span class=\"hover:entity-accent entity-underline inline cursor-pointer align-baseline\"><span class=\"whitespace-normal\">Frente Amplio<\/span><\/span> para analizar la reserva de constitucionalidad de la denominada Ley de Reconstrucci\u00f3n Nacional, tambi\u00e9n conocida como Ley Miscel\u00e1nea, y revisar las \u00faltimas medidas impulsadas por el Gobierno.<\/p>\n<p data-start=\"473\" data-end=\"682\">El encuentro contar\u00e1 con la participaci\u00f3n de abogados constitucionalistas, quienes evaluar\u00e1n la viabilidad de presentar un requerimiento ante el <span class=\"hover:entity-accent entity-underline inline cursor-pointer align-baseline\"><span class=\"whitespace-normal\">Tribunal Constitucional<\/span><\/span> (TC) respecto al proyecto.<\/p>\n<h3 data-section-id=\"12nq6s7\" data-start=\"684\" data-end=\"725\"><span role=\"text\"><strong data-start=\"688\" data-end=\"725\">Definici\u00f3n de estrategia pol\u00edtica<\/strong><\/span><\/h3>\n<p data-start=\"727\" data-end=\"933\">La cita forma parte de una serie de reuniones que buscan establecer una hoja de ruta com\u00fan dentro del bloque opositor, con el objetivo de evitar divisiones internas frente a la tramitaci\u00f3n de la iniciativa.<\/p>\n<p data-start=\"935\" data-end=\"1191\">En este contexto, desde la oposici\u00f3n reconocen la existencia de un dilema estrat\u00e9gico: optar por la negociaci\u00f3n para incidir en el contenido del proyecto o adoptar una postura m\u00e1s firme, asumiendo el riesgo de perder influencia en su discusi\u00f3n legislativa.<\/p>\n<h3 data-section-id=\"jpevlx\" data-start=\"1193\" data-end=\"1234\"><span role=\"text\"><strong data-start=\"1197\" data-end=\"1234\">Coordinaci\u00f3n y propuestas propias<\/strong><\/span><\/h3>\n<p data-start=\"1236\" data-end=\"1452\">El secretario general del <span class=\"hover:entity-accent entity-underline inline cursor-pointer align-baseline\"><span class=\"whitespace-normal\">Frente Amplio<\/span><\/span>, <span class=\"hover:entity-accent entity-underline inline cursor-pointer align-baseline\"><span class=\"whitespace-normal\">Andr\u00e9s Couble<\/span><\/span>, se\u00f1al\u00f3 que se han desarrollado diversas instancias de coordinaci\u00f3n para alinear posturas frente a la iniciativa.<\/p>\n<p data-start=\"1454\" data-end=\"1690\">Asimismo, los partidos han intensificado el trabajo pol\u00edtico y territorial, junto con la elaboraci\u00f3n de propuestas propias, con miras a consolidar una oposici\u00f3n m\u00e1s articulada frente al gobierno de <span class=\"hover:entity-accent entity-underline inline cursor-pointer align-baseline\"><span class=\"whitespace-normal\">Jos\u00e9 Antonio Kast<\/span><\/span>.<\/p>\n","protected":false},"excerpt":{"rendered":"<p>La oposici\u00f3n se reunir\u00e1 este jueves en la sede del Frente Amplio para analizar la reserva de constitucionalidad de la denominada Ley de Reconstrucci\u00f3n Nacional,&hellip; <\/p>\n","protected":false},"author":5,"featured_media":101948,"comment_status":"closed","ping_status":"closed","sticky":false,"template":"","format":"standard","meta":{"footnotes":""},"categories":[37],"tags":[],"class_list":["post-101947","post","type-post","status-publish","format-standard","has-post-thumbnail","hentry","category-nacional"],"_links":{"self":[{"href":"https:\/\/www.radioamigavallenar.cl\/index.php?rest_route=\/wp\/v2\/posts\/101947","targetHints":{"allow":["GET"]}}],"collection":[{"href":"https:\/\/www.radioamigavallenar.cl\/index.php?rest_route=\/wp\/v2\/posts"}],"about":[{"href":"https:\/\/www.radioamigavallenar.cl\/index.php?rest_route=\/wp\/v2\/types\/post"}],"author":[{"embeddable":true,"href":"https:\/\/www.radioamigavallenar.cl\/index.php?rest_route=\/wp\/v2\/users\/5"}],"replies":[{"embeddable":true,"href":"https:\/\/www.radioamigavallenar.cl\/index.php?rest_route=%2Fwp%2Fv2%2Fcomments&post=101947"}],"version-history":[{"count":1,"href":"https:\/\/www.radioamigavallenar.cl\/index.php?rest_route=\/wp\/v2\/posts\/101947\/revisions"}],"predecessor-version":[{"id":101949,"href":"https:\/\/www.radioamigavallenar.cl\/index.php?rest_route=\/wp\/v2\/posts\/101947\/revisions\/101949"}],"wp:featuredmedia":[{"embeddable":true,"href":"https:\/\/www.radioamigavallenar.cl\/index.php?rest_route=\/wp\/v2\/media\/101948"}],"wp:attachment":[{"href":"https:\/\/www.radioamigavallenar.cl\/index.php?rest_route=%2Fwp%2Fv2%2Fmedia&parent=101947"}],"wp:term":[{"taxonomy":"category","embeddable":true,"href":"https:\/\/www.radioamigavallenar.cl\/index.php?rest_route=%2Fwp%2Fv2%2Fcategories&post=101947"},{"taxonomy":"post_tag","embeddable":true,"href":"https:\/\/www.radioamigavallenar.cl\/index.php?rest_route=%2Fwp%2Fv2%2Ftags&post=101947"}],"curies":[{"name":"wp","href":"https:\/\/api.w.org\/{rel}","templated":true}]}}