{"id":101945,"date":"2026-04-29T23:28:50","date_gmt":"2026-04-30T03:28:50","guid":{"rendered":"https:\/\/www.radioamigavallenar.cl\/?p=101945"},"modified":"2026-04-29T23:28:50","modified_gmt":"2026-04-30T03:28:50","slug":"kast-descarta-recorte-a-alimentacion-escolar-suspender-beneficios-seria-un-retroceso","status":"publish","type":"post","link":"https:\/\/www.radioamigavallenar.cl\/?p=101945","title":{"rendered":"Kast descarta recorte a alimentaci\u00f3n escolar: \u201cSuspender beneficios ser\u00eda un retroceso\u201d"},"content":{"rendered":"<h3 data-section-id=\"175k4kk\" data-start=\"84\" data-end=\"179\"><\/h3>\n<p data-start=\"181\" data-end=\"470\">En el marco de un encuentro ciudadano de la iniciativa \u201cPresidente Presente\u201d, realizado en <span class=\"hover:entity-accent entity-underline inline cursor-pointer align-baseline\"><span class=\"whitespace-normal\">Coyhaique<\/span><\/span>, el presidente <span class=\"hover:entity-accent entity-underline inline cursor-pointer align-baseline\"><span class=\"whitespace-normal\">Jos\u00e9 Antonio Kast<\/span><\/span> descart\u00f3 que los ajustes presupuestarios anunciados por el Gobierno afecten la alimentaci\u00f3n de estudiantes.<\/p>\n<p data-start=\"472\" data-end=\"663\">Ante la inquietud planteada por vecinos respecto a posibles recortes en el Programa de Alimentaci\u00f3n Escolar, el Mandatario fue enf\u00e1tico: \u201cNo se va a recortar la alimentaci\u00f3n de ning\u00fan joven\u201d.<\/p>\n<h3 data-section-id=\"f916uk\" data-start=\"665\" data-end=\"704\"><span role=\"text\"><strong data-start=\"669\" data-end=\"704\">Descartan impacto en beneficios<\/strong><\/span><\/h3>\n<p data-start=\"706\" data-end=\"890\">El jefe de Estado explic\u00f3 que la preocupaci\u00f3n surgi\u00f3 tras la difusi\u00f3n del denominado Oficio 16, el cual gener\u00f3 interpretaciones err\u00f3neas sobre eventuales recortes en derechos sociales.<\/p>\n<p data-start=\"892\" data-end=\"1055\">\u201cSe dijo que el ajuste iba a afectar la alimentaci\u00f3n de los ni\u00f1os en establecimientos educacionales, pero no es as\u00ed\u201d, aclar\u00f3 <span class=\"hover:entity-accent entity-underline inline cursor-pointer align-baseline\"><span class=\"whitespace-normal\">Jos\u00e9 Antonio Kast<\/span><\/span>.<\/p>\n<p data-start=\"1057\" data-end=\"1258\">En esa l\u00ednea, sostuvo que el foco del Ejecutivo est\u00e1 en mejorar la gesti\u00f3n del sistema, m\u00e1s que en reducir beneficios, enfatizando la necesidad de conocer en terreno el funcionamiento de los programas.<\/p>\n<h3 data-section-id=\"1pebo71\" data-start=\"1260\" data-end=\"1302\"><span role=\"text\"><strong data-start=\"1264\" data-end=\"1302\">Revisi\u00f3n del sistema y proveedores<\/strong><\/span><\/h3>\n<p data-start=\"1304\" data-end=\"1517\">Durante su intervenci\u00f3n, el Mandatario tambi\u00e9n cuestion\u00f3 la concentraci\u00f3n de proveedores en el sistema de alimentaci\u00f3n escolar, se\u00f1alando que esto podr\u00eda afectar la continuidad del servicio ante eventuales fallas.<\/p>\n<p data-start=\"1519\" data-end=\"1713\">Asimismo, abord\u00f3 los costos asociados a la entrega de colaciones, valorando el trabajo de las manipuladoras de alimentos, pero planteando dudas respecto a los montos informados en algunos casos.<\/p>\n<p data-start=\"1715\" data-end=\"1915\">En relaci\u00f3n a la entrega de \u00fatiles y textos escolares, indic\u00f3 que existen deficiencias en los tiempos de distribuci\u00f3n, por lo que llam\u00f3 a anticipar los procesos para mejorar la eficiencia del sistema.<\/p>\n<h3 data-section-id=\"bfdi4i\" data-start=\"1917\" data-end=\"1942\"><span role=\"text\"><strong data-start=\"1921\" data-end=\"1942\">Cambios en Junaeb<\/strong><\/span><\/h3>\n<p data-start=\"1944\" data-end=\"2155\">El Presidente tambi\u00e9n confirm\u00f3 que utiliz\u00f3 uno de los cupos de Alta Direcci\u00f3n P\u00fablica para modificar la administraci\u00f3n de la <span class=\"hover:entity-accent entity-underline inline cursor-pointer align-baseline\"><span class=\"whitespace-normal\">Junaeb<\/span><\/span>, con el objetivo de optimizar su funcionamiento.<\/p>\n<p data-start=\"2157\" data-end=\"2306\">\u201cSi suspendi\u00e9ramos la alimentaci\u00f3n, ser\u00eda un retroceso. Nosotros queremos avanzar, usar bien los recursos y ordenar la casa\u201d, concluy\u00f3 el Mandatario.<\/p>\n","protected":false},"excerpt":{"rendered":"<p>En el marco de un encuentro ciudadano de la iniciativa \u201cPresidente Presente\u201d, realizado en Coyhaique, el presidente Jos\u00e9 Antonio Kast descart\u00f3 que los ajustes presupuestarios&hellip; <\/p>\n","protected":false},"author":5,"featured_media":97597,"comment_status":"closed","ping_status":"closed","sticky":false,"template":"","format":"standard","meta":{"footnotes":""},"categories":[37],"tags":[],"class_list":["post-101945","post","type-post","status-publish","format-standard","has-post-thumbnail","hentry","category-nacional"],"_links":{"self":[{"href":"https:\/\/www.radioamigavallenar.cl\/index.php?rest_route=\/wp\/v2\/posts\/101945","targetHints":{"allow":["GET"]}}],"collection":[{"href":"https:\/\/www.radioamigavallenar.cl\/index.php?rest_route=\/wp\/v2\/posts"}],"about":[{"href":"https:\/\/www.radioamigavallenar.cl\/index.php?rest_route=\/wp\/v2\/types\/post"}],"author":[{"embeddable":true,"href":"https:\/\/www.radioamigavallenar.cl\/index.php?rest_route=\/wp\/v2\/users\/5"}],"replies":[{"embeddable":true,"href":"https:\/\/www.radioamigavallenar.cl\/index.php?rest_route=%2Fwp%2Fv2%2Fcomments&post=101945"}],"version-history":[{"count":1,"href":"https:\/\/www.radioamigavallenar.cl\/index.php?rest_route=\/wp\/v2\/posts\/101945\/revisions"}],"predecessor-version":[{"id":101946,"href":"https:\/\/www.radioamigavallenar.cl\/index.php?rest_route=\/wp\/v2\/posts\/101945\/revisions\/101946"}],"wp:featuredmedia":[{"embeddable":true,"href":"https:\/\/www.radioamigavallenar.cl\/index.php?rest_route=\/wp\/v2\/media\/97597"}],"wp:attachment":[{"href":"https:\/\/www.radioamigavallenar.cl\/index.php?rest_route=%2Fwp%2Fv2%2Fmedia&parent=101945"}],"wp:term":[{"taxonomy":"category","embeddable":true,"href":"https:\/\/www.radioamigavallenar.cl\/index.php?rest_route=%2Fwp%2Fv2%2Fcategories&post=101945"},{"taxonomy":"post_tag","embeddable":true,"href":"https:\/\/www.radioamigavallenar.cl\/index.php?rest_route=%2Fwp%2Fv2%2Ftags&post=101945"}],"curies":[{"name":"wp","href":"https:\/\/api.w.org\/{rel}","templated":true}]}}