{"id":101937,"date":"2026-04-30T00:24:27","date_gmt":"2026-04-30T04:24:27","guid":{"rendered":"https:\/\/www.radioamigavallenar.cl\/?p=101937"},"modified":"2026-04-29T19:26:27","modified_gmt":"2026-04-29T23:26:27","slug":"imputado-de-delito-de-homicidio-fue-formalizado-y-cumplira-prision-preventiva","status":"publish","type":"post","link":"https:\/\/www.radioamigavallenar.cl\/?p=101937","title":{"rendered":"Imputado de delito de homicidio fue formalizado y cumplir\u00e1 prisi\u00f3n preventiva"},"content":{"rendered":"<p><b><i>Fiscal adjunto de Copiap\u00f3, Leonel Ibacache V\u00e9liz, indic\u00f3 que los hechos ocurrieron el a\u00f1o 2024 cuando el detenido golpe\u00f3 la cabeza de la v\u00edctima con un objeto contundente.\u00a0 <\/i><\/b><b><i>\u00a0\u00a0<\/i><\/b><\/p>\n<p><span style=\"font-weight: 400;\">La Fiscal\u00eda Local de Copiap\u00f3 obtuvo la medida cautelar de prisi\u00f3n preventiva de un imputado que se manten\u00eda pr\u00f3fugo de la justicia luego de cometer un delito de homicidio en la comuna de la Tierra Amarilla en el de marzo del a\u00f1o 2024.<\/span><\/p>\n<p><span style=\"font-weight: 400;\">Los antecedentes de esta causa fueron entregados en audiencia por el fiscal adjunto de esta ciudad, Leonel Ibacache V\u00e9liz, quien indic\u00f3 que la informaci\u00f3n contenida en la carpeta investigativa de este caso indica que, pasada la medianoche del 24 del mencionado mes, el afectado fue interceptado en las afueras de su residencia en la Avenida Miguel Lemeur por el imputado quien lo agredi\u00f3 con un objeto contundente en la cabeza, causando lesiones de tal gravedad que ocasionaron su fallecimiento.<\/span><\/p>\n<p><span style=\"font-weight: 400;\">\u201cLuego de ocurrido el crimen el Equipo ECOH de la Fiscal\u00eda de Atacama y la Brigada de Homicidios de la PDI se constituyeron en el sitio del suceso y comenzaron con las diligencias investigativas que llevaron a establecer la identidad del responsable del mortal ataque mediante la toma de declaraciones de testigos y revisi\u00f3n de c\u00e1maras de seguridad, solicitando en su oportunidad la Fiscal\u00eda la orden de detenci\u00f3n al Tribunal\u201d, dijo el fiscal.<\/span><\/p>\n<p><span style=\"font-weight: 400;\">Ibacache agreg\u00f3 que la detenci\u00f3n del imputado se concret\u00f3 por personal de la PDI en la comuna de Parral en la Regi\u00f3n del Maule, siendo puesto a disposici\u00f3n del Juzgado de Garant\u00eda de Copiap\u00f3 para ser sometido a la audiencia en que se le comunicaron los cargos por el delito consumado de homicidio.<\/span><\/p>\n<p><span style=\"font-weight: 400;\">En la audiencia la Fiscal\u00eda relat\u00f3 los antecedentes de la causa solicitando al Juez de turno la cautelar de prisi\u00f3n preventiva por considerar que su libertad es peligrosa para la seguridad de la sociedad, petici\u00f3n que fue acogida decretando el Tribunal su ingreso a la c\u00e1rcel. \u00a0 \u00a0 \u00a0 <\/span><\/p>\n","protected":false},"excerpt":{"rendered":"<p>Fiscal adjunto de Copiap\u00f3, Leonel Ibacache V\u00e9liz, indic\u00f3 que los hechos ocurrieron el a\u00f1o 2024 cuando el detenido golpe\u00f3 la cabeza de la v\u00edctima con&hellip; <\/p>\n","protected":false},"author":5,"featured_media":101938,"comment_status":"closed","ping_status":"closed","sticky":false,"template":"","format":"standard","meta":{"footnotes":""},"categories":[7],"tags":[],"class_list":["post-101937","post","type-post","status-publish","format-standard","has-post-thumbnail","hentry","category-atacama"],"_links":{"self":[{"href":"https:\/\/www.radioamigavallenar.cl\/index.php?rest_route=\/wp\/v2\/posts\/101937","targetHints":{"allow":["GET"]}}],"collection":[{"href":"https:\/\/www.radioamigavallenar.cl\/index.php?rest_route=\/wp\/v2\/posts"}],"about":[{"href":"https:\/\/www.radioamigavallenar.cl\/index.php?rest_route=\/wp\/v2\/types\/post"}],"author":[{"embeddable":true,"href":"https:\/\/www.radioamigavallenar.cl\/index.php?rest_route=\/wp\/v2\/users\/5"}],"replies":[{"embeddable":true,"href":"https:\/\/www.radioamigavallenar.cl\/index.php?rest_route=%2Fwp%2Fv2%2Fcomments&post=101937"}],"version-history":[{"count":1,"href":"https:\/\/www.radioamigavallenar.cl\/index.php?rest_route=\/wp\/v2\/posts\/101937\/revisions"}],"predecessor-version":[{"id":101939,"href":"https:\/\/www.radioamigavallenar.cl\/index.php?rest_route=\/wp\/v2\/posts\/101937\/revisions\/101939"}],"wp:featuredmedia":[{"embeddable":true,"href":"https:\/\/www.radioamigavallenar.cl\/index.php?rest_route=\/wp\/v2\/media\/101938"}],"wp:attachment":[{"href":"https:\/\/www.radioamigavallenar.cl\/index.php?rest_route=%2Fwp%2Fv2%2Fmedia&parent=101937"}],"wp:term":[{"taxonomy":"category","embeddable":true,"href":"https:\/\/www.radioamigavallenar.cl\/index.php?rest_route=%2Fwp%2Fv2%2Fcategories&post=101937"},{"taxonomy":"post_tag","embeddable":true,"href":"https:\/\/www.radioamigavallenar.cl\/index.php?rest_route=%2Fwp%2Fv2%2Ftags&post=101937"}],"curies":[{"name":"wp","href":"https:\/\/api.w.org\/{rel}","templated":true}]}}