{"id":101934,"date":"2026-04-30T00:21:52","date_gmt":"2026-04-30T04:21:52","guid":{"rendered":"https:\/\/www.radioamigavallenar.cl\/?p=101934"},"modified":"2026-04-29T23:35:44","modified_gmt":"2026-04-30T03:35:44","slug":"pdi-detuvo-a-dos-hombres-por-lesiones-tras-rina-en-plena-via-publica-de-chanaral","status":"publish","type":"post","link":"https:\/\/www.radioamigavallenar.cl\/?p=101934","title":{"rendered":"PDI detuvo a dos hombres por lesiones tras ri\u00f1a en plena v\u00eda p\u00fablica de Cha\u00f1aral"},"content":{"rendered":"<div class=\"container fullwidth-entry-title-wrapper\">\n<div class=\"container-wrapper fullwidth-entry-title\">\n<header class=\"entry-header-outer\">\n<div class=\"entry-header\">\n<h1 class=\"post-title entry-title\"><span style=\"font-size: 15px; font-weight: 400;\">Detectives de la Brigada de Investigaci\u00f3n Criminal (Bicrim) de la PDI de Cha\u00f1aral detuvieron a dos personas por el delito flagrante de lesiones menos graves, luego de una ri\u00f1a registrada en la v\u00eda p\u00fablica de esa comuna.<\/span><\/h1>\n<\/div>\n<\/header>\n<\/div>\n<\/div>\n<div id=\"content\" class=\"site-content container\">\n<div id=\"main-content-row\" class=\"tie-row main-content-row\">\n<div class=\"main-content tie-col-md-8 tie-col-xs-12\" role=\"main\">\n<article id=\"the-post\" class=\"container-wrapper post-content tie-standard\">\n<div class=\"entry-content entry clearfix\">\n<p>El procedimiento se llev\u00f3 a cabo tras recibir informaci\u00f3n sobre una pelea entre dos hombres, quienes se agred\u00edan utilizando objetos contundentes y armas cortopunzantes, generando preocupaci\u00f3n entre vecinos del sector.<\/p>\n<p>Seg\u00fan inform\u00f3 el jefe subrogante de la Bicrim Cha\u00f1aral, comisario C\u00e9sar Ramos, los oficiales concurrieron r\u00e1pidamente al lugar tras la alerta y lograron constatar la ri\u00f1a entre ambos involucrados.<\/p>\n<div class=\"code-block code-block-5\">\n<div id=\"sas_99435\"><\/div>\n<\/div>\n<p>Debido a la gravedad de las lesiones visibles, los dos sujetos fueron trasladados hasta el Hospital de Cha\u00f1aral para la constataci\u00f3n m\u00e9dica correspondiente.<\/p>\n<p>En el recinto asistencial se verific\u00f3 que ambos presentaban diversas lesiones que fueron catalogadas como menos graves, lo que permiti\u00f3 configurar el delito flagrante y avanzar con el procedimiento policial.<\/p>\n<p>Tras la coordinaci\u00f3n con el Ministerio P\u00fablico, ambos detenidos quedaron apercibidos bajo el art\u00edculo 26 del C\u00f3digo Procesal Penal, quedando a la espera de futuras citaciones por parte de la justicia.<\/p>\n<p>Los imputados corresponden a dos hombres chilenos, ambos mayores de edad, y uno de ellos mantiene antecedentes policiales previos por el delito de robo con violencia.<\/p>\n<p>La PDI contin\u00faa reforzando las diligencias preventivas y de respuesta inmediata ante hechos de violencia en la provincia, especialmente en casos que involucran el uso de armas cortopunzantes en espacios p\u00fablicos.<\/p>\n<\/div>\n<\/article>\n<\/div>\n<\/div>\n<\/div>\n","protected":false},"excerpt":{"rendered":"<p>Detectives de la Brigada de Investigaci\u00f3n Criminal (Bicrim) de la PDI de Cha\u00f1aral detuvieron a dos personas por el delito flagrante de lesiones menos graves,&hellip; <\/p>\n","protected":false},"author":5,"featured_media":101935,"comment_status":"closed","ping_status":"closed","sticky":false,"template":"","format":"standard","meta":{"footnotes":""},"categories":[7],"tags":[],"class_list":["post-101934","post","type-post","status-publish","format-standard","has-post-thumbnail","hentry","category-atacama"],"_links":{"self":[{"href":"https:\/\/www.radioamigavallenar.cl\/index.php?rest_route=\/wp\/v2\/posts\/101934","targetHints":{"allow":["GET"]}}],"collection":[{"href":"https:\/\/www.radioamigavallenar.cl\/index.php?rest_route=\/wp\/v2\/posts"}],"about":[{"href":"https:\/\/www.radioamigavallenar.cl\/index.php?rest_route=\/wp\/v2\/types\/post"}],"author":[{"embeddable":true,"href":"https:\/\/www.radioamigavallenar.cl\/index.php?rest_route=\/wp\/v2\/users\/5"}],"replies":[{"embeddable":true,"href":"https:\/\/www.radioamigavallenar.cl\/index.php?rest_route=%2Fwp%2Fv2%2Fcomments&post=101934"}],"version-history":[{"count":1,"href":"https:\/\/www.radioamigavallenar.cl\/index.php?rest_route=\/wp\/v2\/posts\/101934\/revisions"}],"predecessor-version":[{"id":101936,"href":"https:\/\/www.radioamigavallenar.cl\/index.php?rest_route=\/wp\/v2\/posts\/101934\/revisions\/101936"}],"wp:featuredmedia":[{"embeddable":true,"href":"https:\/\/www.radioamigavallenar.cl\/index.php?rest_route=\/wp\/v2\/media\/101935"}],"wp:attachment":[{"href":"https:\/\/www.radioamigavallenar.cl\/index.php?rest_route=%2Fwp%2Fv2%2Fmedia&parent=101934"}],"wp:term":[{"taxonomy":"category","embeddable":true,"href":"https:\/\/www.radioamigavallenar.cl\/index.php?rest_route=%2Fwp%2Fv2%2Fcategories&post=101934"},{"taxonomy":"post_tag","embeddable":true,"href":"https:\/\/www.radioamigavallenar.cl\/index.php?rest_route=%2Fwp%2Fv2%2Ftags&post=101934"}],"curies":[{"name":"wp","href":"https:\/\/api.w.org\/{rel}","templated":true}]}}