{"id":101930,"date":"2026-04-30T00:19:14","date_gmt":"2026-04-30T04:19:14","guid":{"rendered":"https:\/\/www.radioamigavallenar.cl\/?p=101930"},"modified":"2026-04-29T19:20:59","modified_gmt":"2026-04-29T23:20:59","slug":"pdi-detuvo-en-caldera-a-sujeto-de-19-anos-por-homicidio-frustrado-tras-violenta-rina","status":"publish","type":"post","link":"https:\/\/www.radioamigavallenar.cl\/?p=101930","title":{"rendered":"PDI detuvo en Caldera a sujeto de 19 a\u00f1os por homicidio frustrado tras violenta ri\u00f1a"},"content":{"rendered":"<div class=\"container fullwidth-entry-title-wrapper\">\n<div class=\"container-wrapper fullwidth-entry-title\">\n<header class=\"entry-header-outer\">\n<div class=\"entry-header\">\n<h1 class=\"post-title entry-title\"><img decoding=\"async\" style=\"font-size: 15px; font-weight: 400;\" src=\"https:\/\/ced-ns.sascdn.com\/diff\/templates\/images\/info.svg\" data-exclude-click=\"\" \/><span style=\"font-size: 15px; font-weight: 400;\">Detectives de la Brigada de Homicidios (BH) de la PDI de Copiap\u00f3 detuvieron a un joven chileno de 19 a\u00f1os acusado de ser el autor material de un homicidio frustrado con arma cortante ocurrido en la comuna de Caldera, hecho que dej\u00f3 a dos personas lesionadas, una de ellas de gravedad.<\/span><\/h1>\n<\/div>\n<\/header>\n<\/div>\n<\/div>\n<div id=\"content\" class=\"site-content container\">\n<div id=\"main-content-row\" class=\"tie-row main-content-row\">\n<div class=\"main-content tie-col-md-8 tie-col-xs-12\" role=\"main\">\n<article id=\"the-post\" class=\"container-wrapper post-content tie-standard\">\n<div class=\"entry-content entry clearfix\">\n<p>Seg\u00fan inform\u00f3 el jefe de la BH Copiap\u00f3, subprefecto Francisco Mu\u00f1oz, los oficiales concurrieron hasta la comuna costera para desarrollar diligencias investigativas luego de registrarse una ri\u00f1a que termin\u00f3 con dos v\u00edctimas heridas por arma cortopunzante.<\/p>\n<p>Las primeras indagatorias permitieron establecer la din\u00e1mica de los hechos y confirmar que el incidente se origin\u00f3 en medio de una pelea, donde el imputado agredi\u00f3 violentamente a una de las v\u00edctimas.<\/p>\n<div class=\"code-block code-block-5\">\n<div id=\"sas_99435\"><\/div>\n<\/div>\n<p>De acuerdo con la investigaci\u00f3n policial, el detenido atac\u00f3 a uno de los afectados con un arma cortopunzante en la regi\u00f3n tor\u00e1cica izquierda, provoc\u00e1ndole heridas de gravedad que permitieron acreditar el delito de homicidio frustrado debido al riesgo vital asociado a la lesi\u00f3n.<\/p>\n<p>Durante el mismo enfrentamiento, una segunda persona tambi\u00e9n result\u00f3 lesionada tras recibir un corte en una de sus cejas, heridas que fueron catalogadas como lesiones leves.<\/p>\n<p>Gracias al trabajo investigativo, la PDI logr\u00f3 individualizar al autor de la agresi\u00f3n y posteriormente ubicar su paradero, concretando su r\u00e1pida detenci\u00f3n.<\/p>\n<p>Desde la Fiscal\u00eda Local de Caldera se inform\u00f3 que, tras conocerse el hecho, la fiscal de turno instruy\u00f3 diligencias inmediatas a trav\u00e9s de la Bit\u00e1cora Web de la Macrozona Norte, con el objetivo de esclarecer lo ocurrido y reunir evidencia suficiente para sustentar la investigaci\u00f3n.<\/p>\n<p>Con los antecedentes reunidos por la Brigada de Homicidios, el Ministerio P\u00fablico solicit\u00f3 una orden de entrada y registro para un domicilio en Caldera, procedimiento que permiti\u00f3 concretar la captura del imputado.<\/p>\n<p>Durante la audiencia de formalizaci\u00f3n, la Fiscal\u00eda expuso los antecedentes del caso y comunic\u00f3 cargos por el delito de homicidio tentado, incluyendo el informe m\u00e9dico de la v\u00edctima principal, quien debi\u00f3 ser trasladada hasta el Hospital Regional de Copiap\u00f3 debido a la gravedad de sus lesiones.<\/p>\n<p>Considerando el peligro que su libertad representa para la seguridad de la sociedad, el Ministerio P\u00fablico solicit\u00f3 la medida cautelar de prisi\u00f3n preventiva, petici\u00f3n que fue acogida por el tribunal, decretando el ingreso del imputado a un recinto penitenciario mientras contin\u00faa la investigaci\u00f3n.<\/p>\n<\/div>\n<\/article>\n<\/div>\n<\/div>\n<\/div>\n","protected":false},"excerpt":{"rendered":"<p>Detectives de la Brigada de Homicidios (BH) de la PDI de Copiap\u00f3 detuvieron a un joven chileno de 19 a\u00f1os acusado de ser el autor&hellip; <\/p>\n","protected":false},"author":5,"featured_media":101931,"comment_status":"closed","ping_status":"closed","sticky":false,"template":"","format":"standard","meta":{"footnotes":""},"categories":[38],"tags":[],"class_list":["post-101930","post","type-post","status-publish","format-standard","has-post-thumbnail","hentry","category-portada-regional"],"_links":{"self":[{"href":"https:\/\/www.radioamigavallenar.cl\/index.php?rest_route=\/wp\/v2\/posts\/101930","targetHints":{"allow":["GET"]}}],"collection":[{"href":"https:\/\/www.radioamigavallenar.cl\/index.php?rest_route=\/wp\/v2\/posts"}],"about":[{"href":"https:\/\/www.radioamigavallenar.cl\/index.php?rest_route=\/wp\/v2\/types\/post"}],"author":[{"embeddable":true,"href":"https:\/\/www.radioamigavallenar.cl\/index.php?rest_route=\/wp\/v2\/users\/5"}],"replies":[{"embeddable":true,"href":"https:\/\/www.radioamigavallenar.cl\/index.php?rest_route=%2Fwp%2Fv2%2Fcomments&post=101930"}],"version-history":[{"count":2,"href":"https:\/\/www.radioamigavallenar.cl\/index.php?rest_route=\/wp\/v2\/posts\/101930\/revisions"}],"predecessor-version":[{"id":101933,"href":"https:\/\/www.radioamigavallenar.cl\/index.php?rest_route=\/wp\/v2\/posts\/101930\/revisions\/101933"}],"wp:featuredmedia":[{"embeddable":true,"href":"https:\/\/www.radioamigavallenar.cl\/index.php?rest_route=\/wp\/v2\/media\/101931"}],"wp:attachment":[{"href":"https:\/\/www.radioamigavallenar.cl\/index.php?rest_route=%2Fwp%2Fv2%2Fmedia&parent=101930"}],"wp:term":[{"taxonomy":"category","embeddable":true,"href":"https:\/\/www.radioamigavallenar.cl\/index.php?rest_route=%2Fwp%2Fv2%2Fcategories&post=101930"},{"taxonomy":"post_tag","embeddable":true,"href":"https:\/\/www.radioamigavallenar.cl\/index.php?rest_route=%2Fwp%2Fv2%2Ftags&post=101930"}],"curies":[{"name":"wp","href":"https:\/\/api.w.org\/{rel}","templated":true}]}}