{"id":101927,"date":"2026-04-30T00:09:32","date_gmt":"2026-04-30T04:09:32","guid":{"rendered":"https:\/\/www.radioamigavallenar.cl\/?p=101927"},"modified":"2026-04-29T19:10:47","modified_gmt":"2026-04-29T23:10:47","slug":"slep-huasco-y-agencia-de-calidad-potencian-uso-de-herramienta-digital-enfoque-docente-en-establecimientos-educacionales","status":"publish","type":"post","link":"https:\/\/www.radioamigavallenar.cl\/?p=101927","title":{"rendered":"SLEP Huasco y Agencia de Calidad potencian uso de herramienta digital \u201cEnfoque Docente\u201d en establecimientos educacionales"},"content":{"rendered":"<p data-start=\"236\" data-end=\"481\">Con el objetivo de fortalecer el trabajo pedag\u00f3gico en el aula, el <span class=\"hover:entity-accent entity-underline inline cursor-pointer align-baseline\"><span class=\"whitespace-normal\">SLEP Huasco<\/span><\/span>, en conjunto con la <span class=\"hover:entity-accent entity-underline inline cursor-pointer align-baseline\"><span class=\"whitespace-normal\">Agencia de Calidad de la Educaci\u00f3n<\/span><\/span>, desarroll\u00f3 un taller de inducci\u00f3n sobre la herramienta digital \u201cEnfoque Docente\u201d.<\/p>\n<p data-start=\"483\" data-end=\"865\">La instancia estuvo dirigida a directores, directoras y equipos t\u00e9cnicos de escuelas y liceos de las comunas de <span class=\"hover:entity-accent entity-underline inline cursor-pointer align-baseline\"><span class=\"whitespace-normal\">Alto del Carmen<\/span><\/span>, <span class=\"hover:entity-accent entity-underline inline cursor-pointer align-baseline\"><span class=\"whitespace-normal\">Vallenar<\/span><\/span>, <span class=\"hover:entity-accent entity-underline inline cursor-pointer align-baseline\"><span class=\"whitespace-normal\">Freirina<\/span><\/span> y <span class=\"hover:entity-accent entity-underline inline cursor-pointer align-baseline\"><span class=\"whitespace-normal\">Huasco<\/span><\/span>, quienes participaron activamente en esta capacitaci\u00f3n orientada a mejorar los procesos de acompa\u00f1amiento docente.<\/p>\n<p data-start=\"867\" data-end=\"1207\">El director ejecutivo del <span class=\"hover:entity-accent entity-underline inline cursor-pointer align-baseline\"><span class=\"whitespace-normal\">SLEP Huasco<\/span><\/span>, <span class=\"hover:entity-accent entity-underline inline cursor-pointer align-baseline\"><span class=\"whitespace-normal\">Javier Obanos<\/span><\/span>, destac\u00f3 la importancia de esta iniciativa, se\u00f1alando que permitir\u00e1 optimizar los procesos de observaci\u00f3n y retroalimentaci\u00f3n pedag\u00f3gica, facilitando la entrega oportuna de informaci\u00f3n a los docentes, idealmente durante la misma jornada.<\/p>\n<h3 data-section-id=\"1qm5djg\" data-start=\"1209\" data-end=\"1261\"><span role=\"text\"><strong data-start=\"1213\" data-end=\"1261\">Herramienta para fortalecer la labor docente<\/strong><\/span><\/h3>\n<p data-start=\"1263\" data-end=\"1613\">\u201cEnfoque Docente\u201d es un recurso digital dise\u00f1ado para apoyar el trabajo en aula, promoviendo el acompa\u00f1amiento formativo mediante instrumentos de observaci\u00f3n y retroalimentaci\u00f3n. Su implementaci\u00f3n busca fortalecer las habilidades docentes y fomentar pr\u00e1cticas pedag\u00f3gicas colaborativas que impacten positivamente en el aprendizaje de los estudiantes.<\/p>\n<p data-start=\"1615\" data-end=\"1886\">En esta l\u00ednea, el jefe de la Macrozona Norte de la <span class=\"hover:entity-accent entity-underline inline cursor-pointer align-baseline\"><span class=\"whitespace-normal\">Agencia de Calidad de la Educaci\u00f3n<\/span><\/span>, <span class=\"hover:entity-accent entity-underline inline cursor-pointer align-baseline\"><span class=\"whitespace-normal\">Erick Bergholz<\/span><\/span>, valor\u00f3 la instancia, indicando que esta herramienta permite sistematizar procesos clave para la mejora educativa en las comunidades escolares.<\/p>\n<h3 data-section-id=\"18gb4vw\" data-start=\"1888\" data-end=\"1922\"><span role=\"text\"><strong data-start=\"1892\" data-end=\"1922\">Capacitaci\u00f3n en dos etapas<\/strong><\/span><\/h3>\n<p data-start=\"1924\" data-end=\"2272\">El taller se desarroll\u00f3 en dos etapas. La primera estuvo dirigida a asesores t\u00e9cnicos del <span class=\"hover:entity-accent entity-underline inline cursor-pointer align-baseline\"><span class=\"whitespace-normal\">SLEP Huasco<\/span><\/span>, quienes podr\u00e1n apoyar la implementaci\u00f3n en los establecimientos. Posteriormente, se realiz\u00f3 una jornada con equipos directivos, quienes tuvieron la oportunidad de conocer, explorar y practicar el uso de la plataforma.<\/p>\n<p data-start=\"2274\" data-end=\"2672\">Desde los establecimientos educacionales, la directora de la Escuela Luis Cruz Mart\u00ednez de <span class=\"hover:entity-accent entity-underline inline cursor-pointer align-baseline\"><span class=\"whitespace-normal\">Vallenar<\/span><\/span>, <span class=\"hover:entity-accent entity-underline inline cursor-pointer align-baseline\"><span class=\"whitespace-normal\">Yasna Soto Hidalgo<\/span><\/span>, valor\u00f3 la capacitaci\u00f3n, destacando que entrega herramientas pertinentes a los nuevos lineamientos educativos y contribuye al desarrollo integral de los estudiantes, tanto en el \u00e1mbito acad\u00e9mico como personal y socioemocional.<\/p>\n<h3 data-section-id=\"to9vi7\" data-start=\"2674\" data-end=\"2716\"><span role=\"text\"><strong data-start=\"2678\" data-end=\"2716\">Compromiso con la mejora educativa<\/strong><\/span><\/h3>\n<p data-start=\"2718\" data-end=\"3021\">Con este tipo de iniciativas, el <span class=\"hover:entity-accent entity-underline inline cursor-pointer align-baseline\"><span class=\"whitespace-normal\">SLEP Huasco<\/span><\/span> contin\u00faa impulsando acciones que fortalecen el acompa\u00f1amiento pedag\u00f3gico en el aula, promoviendo el uso de herramientas innovadoras que favorecen la mejora continua y el desarrollo integral de las y los estudiantes del territorio.<\/p>\n","protected":false},"excerpt":{"rendered":"<p>Con el objetivo de fortalecer el trabajo pedag\u00f3gico en el aula, el SLEP Huasco, en conjunto con la Agencia de Calidad de la Educaci\u00f3n, desarroll\u00f3&hellip; <\/p>\n","protected":false},"author":5,"featured_media":101928,"comment_status":"closed","ping_status":"closed","sticky":false,"template":"","format":"standard","meta":{"footnotes":""},"categories":[7],"tags":[],"class_list":["post-101927","post","type-post","status-publish","format-standard","has-post-thumbnail","hentry","category-atacama"],"_links":{"self":[{"href":"https:\/\/www.radioamigavallenar.cl\/index.php?rest_route=\/wp\/v2\/posts\/101927","targetHints":{"allow":["GET"]}}],"collection":[{"href":"https:\/\/www.radioamigavallenar.cl\/index.php?rest_route=\/wp\/v2\/posts"}],"about":[{"href":"https:\/\/www.radioamigavallenar.cl\/index.php?rest_route=\/wp\/v2\/types\/post"}],"author":[{"embeddable":true,"href":"https:\/\/www.radioamigavallenar.cl\/index.php?rest_route=\/wp\/v2\/users\/5"}],"replies":[{"embeddable":true,"href":"https:\/\/www.radioamigavallenar.cl\/index.php?rest_route=%2Fwp%2Fv2%2Fcomments&post=101927"}],"version-history":[{"count":1,"href":"https:\/\/www.radioamigavallenar.cl\/index.php?rest_route=\/wp\/v2\/posts\/101927\/revisions"}],"predecessor-version":[{"id":101929,"href":"https:\/\/www.radioamigavallenar.cl\/index.php?rest_route=\/wp\/v2\/posts\/101927\/revisions\/101929"}],"wp:featuredmedia":[{"embeddable":true,"href":"https:\/\/www.radioamigavallenar.cl\/index.php?rest_route=\/wp\/v2\/media\/101928"}],"wp:attachment":[{"href":"https:\/\/www.radioamigavallenar.cl\/index.php?rest_route=%2Fwp%2Fv2%2Fmedia&parent=101927"}],"wp:term":[{"taxonomy":"category","embeddable":true,"href":"https:\/\/www.radioamigavallenar.cl\/index.php?rest_route=%2Fwp%2Fv2%2Fcategories&post=101927"},{"taxonomy":"post_tag","embeddable":true,"href":"https:\/\/www.radioamigavallenar.cl\/index.php?rest_route=%2Fwp%2Fv2%2Ftags&post=101927"}],"curies":[{"name":"wp","href":"https:\/\/api.w.org\/{rel}","templated":true}]}}