{"id":101924,"date":"2026-04-30T00:04:48","date_gmt":"2026-04-30T04:04:48","guid":{"rendered":"https:\/\/www.radioamigavallenar.cl\/?p=101924"},"modified":"2026-04-29T19:05:48","modified_gmt":"2026-04-29T23:05:48","slug":"huasco-conmemora-el-aniversario-n99-de-carabineros-con-ceremonia-y-reconocimientos","status":"publish","type":"post","link":"https:\/\/www.radioamigavallenar.cl\/?p=101924","title":{"rendered":"Huasco conmemora el aniversario N\u00b099 de Carabineros con ceremonia y reconocimientos"},"content":{"rendered":"<p data-start=\"192\" data-end=\"459\">Con una significativa ceremonia, la comuna de <span class=\"hover:entity-accent entity-underline inline cursor-pointer align-baseline\"><span class=\"whitespace-normal\">Huasco<\/span><\/span> conmemor\u00f3 el aniversario N\u00b099 de <span class=\"hover:entity-accent entity-underline inline cursor-pointer align-baseline\"><span class=\"whitespace-normal\">Carabineros de Chile<\/span><\/span>, instancia que reuni\u00f3 a autoridades, instituciones y comunidad en un acto de reconocimiento a la labor policial.<\/p>\n<p data-start=\"461\" data-end=\"879\">La actividad cont\u00f3 con la participaci\u00f3n del alcalde <span class=\"hover:entity-accent entity-underline inline cursor-pointer align-baseline\"><span class=\"whitespace-normal\">Genaro Brice\u00f1o Tapia<\/span><\/span>, junto a las concejalas <span class=\"hover:entity-accent entity-underline inline cursor-pointer align-baseline\"><span class=\"whitespace-normal\">Javiera Gallo<\/span><\/span> y <span class=\"hover:entity-accent entity-underline inline cursor-pointer align-baseline\"><span class=\"whitespace-normal\">Virginia Villalobos<\/span><\/span>, adem\u00e1s de la seremi de Desarrollo Social, <span class=\"hover:entity-accent entity-underline inline cursor-pointer align-baseline\"><span class=\"whitespace-normal\">Jessica G\u00f3mez<\/span><\/span>, representantes de la <span class=\"hover:entity-accent entity-underline inline cursor-pointer align-baseline\"><span class=\"whitespace-normal\">Armada de Chile<\/span><\/span>, <span class=\"hover:entity-accent entity-underline inline cursor-pointer align-baseline\"><span class=\"whitespace-normal\">Bomberos de Chile<\/span><\/span>, y diversas instituciones p\u00fablicas y privadas.<\/p>\n<p data-start=\"881\" data-end=\"1082\">Durante la jornada, las autoridades destacaron el rol fundamental que cumple Carabineros en la seguridad de la comunidad, valorando su compromiso y trabajo diario en beneficio de los vecinos y vecinas.<\/p>\n<p data-start=\"1084\" data-end=\"1233\">La ceremonia incluy\u00f3 adem\u00e1s la presentaci\u00f3n de la Banda de M\u00fasicos Comunal de Huasco, cuya interpretaci\u00f3n aport\u00f3 solemnidad y emoci\u00f3n a la actividad.<\/p>\n<p data-start=\"1235\" data-end=\"1395\">En la ocasi\u00f3n, tambi\u00e9n se realizaron reconocimientos a personas e instituciones que contribuyen desde distintos \u00e1mbitos al fortalecimiento de la labor policial.<\/p>\n<p data-start=\"1397\" data-end=\"1595\">Desde el municipio agradecieron la presencia y compromiso de las instituciones participantes, destacando que el trabajo conjunto es clave para avanzar hacia una comuna m\u00e1s segura para todos y todas.<\/p>\n","protected":false},"excerpt":{"rendered":"<p>Con una significativa ceremonia, la comuna de Huasco conmemor\u00f3 el aniversario N\u00b099 de Carabineros de Chile, instancia que reuni\u00f3 a autoridades, instituciones y comunidad en&hellip; <\/p>\n","protected":false},"author":5,"featured_media":101925,"comment_status":"closed","ping_status":"closed","sticky":false,"template":"","format":"standard","meta":{"footnotes":""},"categories":[7],"tags":[],"class_list":["post-101924","post","type-post","status-publish","format-standard","has-post-thumbnail","hentry","category-atacama"],"_links":{"self":[{"href":"https:\/\/www.radioamigavallenar.cl\/index.php?rest_route=\/wp\/v2\/posts\/101924","targetHints":{"allow":["GET"]}}],"collection":[{"href":"https:\/\/www.radioamigavallenar.cl\/index.php?rest_route=\/wp\/v2\/posts"}],"about":[{"href":"https:\/\/www.radioamigavallenar.cl\/index.php?rest_route=\/wp\/v2\/types\/post"}],"author":[{"embeddable":true,"href":"https:\/\/www.radioamigavallenar.cl\/index.php?rest_route=\/wp\/v2\/users\/5"}],"replies":[{"embeddable":true,"href":"https:\/\/www.radioamigavallenar.cl\/index.php?rest_route=%2Fwp%2Fv2%2Fcomments&post=101924"}],"version-history":[{"count":1,"href":"https:\/\/www.radioamigavallenar.cl\/index.php?rest_route=\/wp\/v2\/posts\/101924\/revisions"}],"predecessor-version":[{"id":101926,"href":"https:\/\/www.radioamigavallenar.cl\/index.php?rest_route=\/wp\/v2\/posts\/101924\/revisions\/101926"}],"wp:featuredmedia":[{"embeddable":true,"href":"https:\/\/www.radioamigavallenar.cl\/index.php?rest_route=\/wp\/v2\/media\/101925"}],"wp:attachment":[{"href":"https:\/\/www.radioamigavallenar.cl\/index.php?rest_route=%2Fwp%2Fv2%2Fmedia&parent=101924"}],"wp:term":[{"taxonomy":"category","embeddable":true,"href":"https:\/\/www.radioamigavallenar.cl\/index.php?rest_route=%2Fwp%2Fv2%2Fcategories&post=101924"},{"taxonomy":"post_tag","embeddable":true,"href":"https:\/\/www.radioamigavallenar.cl\/index.php?rest_route=%2Fwp%2Fv2%2Ftags&post=101924"}],"curies":[{"name":"wp","href":"https:\/\/api.w.org\/{rel}","templated":true}]}}