{"id":101921,"date":"2026-04-30T00:56:19","date_gmt":"2026-04-30T04:56:19","guid":{"rendered":"https:\/\/www.radioamigavallenar.cl\/?p=101921"},"modified":"2026-04-29T19:00:03","modified_gmt":"2026-04-29T23:00:03","slug":"freirina-da-inicio-a-la-primera-mesa-de-convergencia-2026-para-impulsar-proyectos-de-desarrollo-local","status":"publish","type":"post","link":"https:\/\/www.radioamigavallenar.cl\/?p=101921","title":{"rendered":"Freirina da inicio a la Primera Mesa de Convergencia 2026 para impulsar proyectos de desarrollo local"},"content":{"rendered":"<p data-start=\"217\" data-end=\"496\">La comuna de <span class=\"hover:entity-accent entity-underline inline cursor-pointer align-baseline\"><span class=\"whitespace-normal\">Freirina<\/span><\/span> fue escenario de la Primera Mesa de Convergencia 2026, instancia que marca el inicio de un nuevo ciclo de trabajo colaborativo orientado al desarrollo local, en el marco del convenio con la <span class=\"hover:entity-accent entity-underline inline cursor-pointer align-baseline\"><span class=\"whitespace-normal\">Fundaci\u00f3n Huella Local<\/span><\/span>.<\/p>\n<p data-start=\"498\" data-end=\"768\">La actividad fue liderada por la <span class=\"hover:entity-accent entity-underline inline cursor-pointer align-baseline\"><span class=\"whitespace-normal\">Municipalidad de Freirina<\/span><\/span>, en conjunto con actores del sector privado como <span class=\"hover:entity-accent entity-underline inline cursor-pointer align-baseline\"><span class=\"whitespace-normal\">ISA Energ\u00eda<\/span><\/span> y <span class=\"hover:entity-accent entity-underline inline cursor-pointer align-baseline\"><span class=\"whitespace-normal\">Colb\u00fan<\/span><\/span>, reforzando la articulaci\u00f3n p\u00fablico-privada en beneficio del territorio.<\/p>\n<p data-start=\"770\" data-end=\"1104\">En la jornada participaron el alcalde <span class=\"hover:entity-accent entity-underline inline cursor-pointer align-baseline\"><span class=\"whitespace-normal\">Fernando Ruhl<\/span><\/span>, junto a la directora de Desarrollo Comunitario, Mar\u00eda Fernanda Varas; la directora de SECPLA, Constanza Altamirano; la arquitecta contraparte t\u00e9cnica de SECPLA, Camila D\u00edaz; y el concejal Donald Esbry, adem\u00e1s de representantes de las empresas colaboradoras.<\/p>\n<h3 data-section-id=\"1ntkdl\" data-start=\"1106\" data-end=\"1139\"><span role=\"text\"><strong data-start=\"1110\" data-end=\"1139\">Cartera de proyectos 2026<\/strong><\/span><\/h3>\n<p data-start=\"1141\" data-end=\"1383\">Durante el encuentro se present\u00f3 la cartera de proyectos para el a\u00f1o 2026, compuesta por cuatro iniciativas, de las cuales una ya cuenta con financiamiento, proyect\u00e1ndose el inicio de su ejecuci\u00f3n durante el segundo semestre del presente a\u00f1o.<\/p>\n<p data-start=\"1385\" data-end=\"1566\">En este contexto, se destac\u00f3 la importancia de continuar sumando nuevas instituciones privadas que permitan apalancar recursos y avanzar en el desarrollo del resto de los proyectos.<\/p>\n<h3 data-section-id=\"1rzwgcq\" data-start=\"1568\" data-end=\"1602\"><span role=\"text\"><strong data-start=\"1572\" data-end=\"1602\">Avances en iniciativa 2025<\/strong><\/span><\/h3>\n<p data-start=\"1604\" data-end=\"1807\">Asimismo, se dieron a conocer los avances de una iniciativa correspondiente al a\u00f1o 2025, actualmente en desarrollo por la <span class=\"hover:entity-accent entity-underline inline cursor-pointer align-baseline\"><span class=\"whitespace-normal\">Fundaci\u00f3n Huella Local<\/span><\/span> junto a la SECPLA como contraparte t\u00e9cnica.<\/p>\n<p data-start=\"1809\" data-end=\"2050\">El proyecto contempla la construcci\u00f3n de un Centro Comunitario Multiprop\u00f3sito en el sector de Maitencillo, el cual se espera presentar a la comunidad a inicios de junio. La inversi\u00f3n estimada para esta obra alcanza los 800 millones de pesos.<\/p>\n<h3 data-section-id=\"u7apl0\" data-start=\"2052\" data-end=\"2099\"><span role=\"text\"><strong data-start=\"2056\" data-end=\"2099\">Trabajo colaborativo para el desarrollo<\/strong><\/span><\/h3>\n<p data-start=\"2101\" data-end=\"2369\">Desde la organizaci\u00f3n destacaron que esta mesa de convergencia busca fortalecer la inversi\u00f3n en el territorio, promoviendo el trabajo conjunto entre el sector p\u00fablico, privado y la comunidad, con el objetivo de impulsar iniciativas concretas que generen impacto local.<\/p>\n","protected":false},"excerpt":{"rendered":"<p>La comuna de Freirina fue escenario de la Primera Mesa de Convergencia 2026, instancia que marca el inicio de un nuevo ciclo de trabajo colaborativo&hellip; <\/p>\n","protected":false},"author":5,"featured_media":101922,"comment_status":"closed","ping_status":"closed","sticky":false,"template":"","format":"standard","meta":{"footnotes":""},"categories":[7],"tags":[],"class_list":["post-101921","post","type-post","status-publish","format-standard","has-post-thumbnail","hentry","category-atacama"],"_links":{"self":[{"href":"https:\/\/www.radioamigavallenar.cl\/index.php?rest_route=\/wp\/v2\/posts\/101921","targetHints":{"allow":["GET"]}}],"collection":[{"href":"https:\/\/www.radioamigavallenar.cl\/index.php?rest_route=\/wp\/v2\/posts"}],"about":[{"href":"https:\/\/www.radioamigavallenar.cl\/index.php?rest_route=\/wp\/v2\/types\/post"}],"author":[{"embeddable":true,"href":"https:\/\/www.radioamigavallenar.cl\/index.php?rest_route=\/wp\/v2\/users\/5"}],"replies":[{"embeddable":true,"href":"https:\/\/www.radioamigavallenar.cl\/index.php?rest_route=%2Fwp%2Fv2%2Fcomments&post=101921"}],"version-history":[{"count":1,"href":"https:\/\/www.radioamigavallenar.cl\/index.php?rest_route=\/wp\/v2\/posts\/101921\/revisions"}],"predecessor-version":[{"id":101923,"href":"https:\/\/www.radioamigavallenar.cl\/index.php?rest_route=\/wp\/v2\/posts\/101921\/revisions\/101923"}],"wp:featuredmedia":[{"embeddable":true,"href":"https:\/\/www.radioamigavallenar.cl\/index.php?rest_route=\/wp\/v2\/media\/101922"}],"wp:attachment":[{"href":"https:\/\/www.radioamigavallenar.cl\/index.php?rest_route=%2Fwp%2Fv2%2Fmedia&parent=101921"}],"wp:term":[{"taxonomy":"category","embeddable":true,"href":"https:\/\/www.radioamigavallenar.cl\/index.php?rest_route=%2Fwp%2Fv2%2Fcategories&post=101921"},{"taxonomy":"post_tag","embeddable":true,"href":"https:\/\/www.radioamigavallenar.cl\/index.php?rest_route=%2Fwp%2Fv2%2Ftags&post=101921"}],"curies":[{"name":"wp","href":"https:\/\/api.w.org\/{rel}","templated":true}]}}