{"id":101917,"date":"2026-04-30T00:54:36","date_gmt":"2026-04-30T04:54:36","guid":{"rendered":"https:\/\/www.radioamigavallenar.cl\/?p=101917"},"modified":"2026-04-30T01:54:16","modified_gmt":"2026-04-30T05:54:16","slug":"freirina-realizo-su-cuenta-publica-2025-destacando-avances-y-participacion-ciudadana","status":"publish","type":"post","link":"https:\/\/www.radioamigavallenar.cl\/?p=101917","title":{"rendered":"Freirina realiz\u00f3 su Cuenta P\u00fablica 2025 destacando avances y participaci\u00f3n ciudadana"},"content":{"rendered":"<h3 data-section-id=\"1aah0pu\" data-start=\"96\" data-end=\"188\"><\/h3>\n<p data-start=\"190\" data-end=\"448\">Con un llamado a la transparencia, el compromiso y el fortalecimiento de la democracia, la comuna de <span class=\"hover:entity-accent entity-underline inline cursor-pointer align-baseline\"><span class=\"whitespace-normal\">Freirina<\/span><\/span> llev\u00f3 a cabo su Cuenta P\u00fablica Gesti\u00f3n 2025, instancia encabezada por el alcalde <span class=\"hover:entity-accent entity-underline inline cursor-pointer align-baseline\"><span class=\"whitespace-normal\">Fernando Ruhl<\/span><\/span>.<\/p>\n<p data-start=\"450\" data-end=\"661\">La actividad se desarroll\u00f3 ante el Concejo Municipal, autoridades regionales, dirigentes sociales y vecinos de la comuna, quienes conocieron en detalle el balance del trabajo realizado durante el \u00faltimo periodo.<\/p>\n<p data-start=\"663\" data-end=\"976\">En la jornada participaron diversas autoridades, entre ellas el gobernador regional de Atacama, <span class=\"hover:entity-accent entity-underline inline cursor-pointer align-baseline\"><span class=\"whitespace-normal\">Miguel Vargas Correa<\/span><\/span>; la senadora <span class=\"hover:entity-accent entity-underline inline cursor-pointer align-baseline\"><span class=\"whitespace-normal\">Daniela Cicardini<\/span><\/span>; el diputado <span class=\"hover:entity-accent entity-underline inline cursor-pointer align-baseline\"><span class=\"whitespace-normal\">Juan Santana Castillo<\/span><\/span>; adem\u00e1s de representantes del diputado <span class=\"hover:entity-accent entity-underline inline cursor-pointer align-baseline\"><span class=\"whitespace-normal\">Cristian Tapia<\/span><\/span>.<\/p>\n<p data-start=\"978\" data-end=\"1339\">Tambi\u00e9n asistieron autoridades del \u00e1mbito regional como la seremi de Ciencias, <span class=\"hover:entity-accent entity-underline inline cursor-pointer align-baseline\"><span class=\"whitespace-normal\">Katerin Pino<\/span><\/span>; el seremi de Bienes Nacionales, <span class=\"hover:entity-accent entity-underline inline cursor-pointer align-baseline\"><span class=\"whitespace-normal\">Joaqu\u00edn Rodr\u00edguez<\/span><\/span>; la subdere <span class=\"hover:entity-accent entity-underline inline cursor-pointer align-baseline\"><span class=\"whitespace-normal\">Paula Garc\u00eda<\/span><\/span>; y el delegado presidencial provincial, <span class=\"hover:entity-accent entity-underline inline cursor-pointer align-baseline\"><span class=\"whitespace-normal\">Juan Donoso Gallardo<\/span><\/span>, junto a representantes de la sociedad civil.<\/p>\n<p data-start=\"1341\" data-end=\"1547\">Durante la instancia se destac\u00f3 el valor de este ejercicio democr\u00e1tico, que permite informar de manera clara y transparente a la ciudadan\u00eda sobre los avances, desaf\u00edos e inversiones impulsadas en la comuna.<\/p>\n<p data-start=\"1549\" data-end=\"1800\">La actividad reafirm\u00f3 el compromiso de la actual administraci\u00f3n con una gesti\u00f3n participativa, cercana y enfocada en el desarrollo de <span class=\"hover:entity-accent entity-underline inline cursor-pointer align-baseline\"><span class=\"whitespace-normal\">Freirina<\/span><\/span>, fortaleciendo la confianza p\u00fablica y promoviendo la participaci\u00f3n ciudadana.<\/p>\n<p data-start=\"1802\" data-end=\"1982\">Finalmente, desde el municipio se\u00f1alaron que continuar\u00e1n trabajando en una gesti\u00f3n responsable, orientada a mejorar la calidad de vida de todas y todos los habitantes de la comuna.<\/p>\n","protected":false},"excerpt":{"rendered":"<p>Con un llamado a la transparencia, el compromiso y el fortalecimiento de la democracia, la comuna de Freirina llev\u00f3 a cabo su Cuenta P\u00fablica Gesti\u00f3n&hellip; <\/p>\n","protected":false},"author":5,"featured_media":101918,"comment_status":"closed","ping_status":"closed","sticky":false,"template":"","format":"standard","meta":{"footnotes":""},"categories":[38],"tags":[],"class_list":["post-101917","post","type-post","status-publish","format-standard","has-post-thumbnail","hentry","category-portada-regional"],"_links":{"self":[{"href":"https:\/\/www.radioamigavallenar.cl\/index.php?rest_route=\/wp\/v2\/posts\/101917","targetHints":{"allow":["GET"]}}],"collection":[{"href":"https:\/\/www.radioamigavallenar.cl\/index.php?rest_route=\/wp\/v2\/posts"}],"about":[{"href":"https:\/\/www.radioamigavallenar.cl\/index.php?rest_route=\/wp\/v2\/types\/post"}],"author":[{"embeddable":true,"href":"https:\/\/www.radioamigavallenar.cl\/index.php?rest_route=\/wp\/v2\/users\/5"}],"replies":[{"embeddable":true,"href":"https:\/\/www.radioamigavallenar.cl\/index.php?rest_route=%2Fwp%2Fv2%2Fcomments&post=101917"}],"version-history":[{"count":1,"href":"https:\/\/www.radioamigavallenar.cl\/index.php?rest_route=\/wp\/v2\/posts\/101917\/revisions"}],"predecessor-version":[{"id":101919,"href":"https:\/\/www.radioamigavallenar.cl\/index.php?rest_route=\/wp\/v2\/posts\/101917\/revisions\/101919"}],"wp:featuredmedia":[{"embeddable":true,"href":"https:\/\/www.radioamigavallenar.cl\/index.php?rest_route=\/wp\/v2\/media\/101918"}],"wp:attachment":[{"href":"https:\/\/www.radioamigavallenar.cl\/index.php?rest_route=%2Fwp%2Fv2%2Fmedia&parent=101917"}],"wp:term":[{"taxonomy":"category","embeddable":true,"href":"https:\/\/www.radioamigavallenar.cl\/index.php?rest_route=%2Fwp%2Fv2%2Fcategories&post=101917"},{"taxonomy":"post_tag","embeddable":true,"href":"https:\/\/www.radioamigavallenar.cl\/index.php?rest_route=%2Fwp%2Fv2%2Ftags&post=101917"}],"curies":[{"name":"wp","href":"https:\/\/api.w.org\/{rel}","templated":true}]}}