{"id":101913,"date":"2026-04-30T00:01:13","date_gmt":"2026-04-30T04:01:13","guid":{"rendered":"https:\/\/www.radioamigavallenar.cl\/?p=101913"},"modified":"2026-04-29T16:04:51","modified_gmt":"2026-04-29T20:04:51","slug":"ratifican-construccion-de-reten-en-torreblanca-y-baquedano-y-anuncian-inicio-de-comisaria-en-huasco","status":"publish","type":"post","link":"https:\/\/www.radioamigavallenar.cl\/?p=101913","title":{"rendered":"Ratifican construcci\u00f3n de ret\u00e9n en Torreblanca y Baquedano y anuncian inicio de comisar\u00eda en Huasco"},"content":{"rendered":"<p data-start=\"246\" data-end=\"580\">En el marco de la conmemoraci\u00f3n de los 99 a\u00f1os de <span class=\"hover:entity-accent entity-underline inline cursor-pointer align-baseline\"><span class=\"whitespace-normal\">Carabineros de Chile<\/span><\/span>, realizada en la Plaza de Armas de <span class=\"hover:entity-accent entity-underline inline cursor-pointer align-baseline\"><span class=\"whitespace-normal\">Copiap\u00f3<\/span><\/span>, el gobernador regional de <span class=\"hover:entity-accent entity-underline inline cursor-pointer align-baseline\"><span class=\"whitespace-normal\">Atacama<\/span><\/span>, <span class=\"hover:entity-accent entity-underline inline cursor-pointer align-baseline\"><span class=\"whitespace-normal\">Miguel Vargas Correa<\/span><\/span>, confirm\u00f3 importantes avances en materia de seguridad para la regi\u00f3n.<\/p>\n<p data-start=\"582\" data-end=\"828\">Durante la ceremonia, la autoridad destac\u00f3 el respaldo ciudadano hacia la instituci\u00f3n policial, valorando su labor permanente en el territorio. Asimismo, expres\u00f3 su reconocimiento a las familias de los funcionarios fallecidos en acto de servicio.<\/p>\n<h3 data-section-id=\"69xjb0\" data-start=\"830\" data-end=\"870\"><span role=\"text\"><strong data-start=\"834\" data-end=\"870\">Proyectos de seguridad en marcha<\/strong><\/span><\/h3>\n<p data-start=\"872\" data-end=\"1157\">En la instancia, el gobernador detall\u00f3 una serie de iniciativas impulsadas por el Gobierno Regional, entre ellas la reciente incorporaci\u00f3n de un georradar destinado a la b\u00fasqueda de personas, adem\u00e1s del compromiso de fortalecer la flota vehicular para mejorar la operatividad policial.<\/p>\n<p data-start=\"1159\" data-end=\"1508\">En materia de infraestructura, se ratific\u00f3 el apoyo a la construcci\u00f3n de nuevos retenes en la comuna de <span class=\"hover:entity-accent entity-underline inline cursor-pointer align-baseline\"><span class=\"whitespace-normal\">Vallenar<\/span><\/span>, espec\u00edficamente en los sectores de Torreblanca y Baquedano, junto con el avance del proyecto para una nueva comisar\u00eda en <span class=\"hover:entity-accent entity-underline inline cursor-pointer align-baseline\"><span class=\"whitespace-normal\">Huasco<\/span><\/span>, cuyas obras se proyectan iniciar pr\u00f3ximamente.<\/p>\n<h3 data-section-id=\"1bsx5d1\" data-start=\"1510\" data-end=\"1550\"><span role=\"text\"><strong data-start=\"1514\" data-end=\"1550\">Proyectos estrat\u00e9gicos para 2026<\/strong><\/span><\/h3>\n<p data-start=\"1552\" data-end=\"1791\">Para el presente a\u00f1o, el Gobierno Regional defini\u00f3 dos iniciativas clave. La primera corresponde a la creaci\u00f3n de una Escuela de Formaci\u00f3n de Carabineros en la regi\u00f3n, para lo cual ya se trabaja en la identificaci\u00f3n de un terreno adecuado.<\/p>\n<p data-start=\"1793\" data-end=\"2048\">El segundo anuncio relevante es el avance en la adquisici\u00f3n de un helic\u00f3ptero institucional. Seg\u00fan indic\u00f3 la autoridad, durante este a\u00f1o se espera iniciar el proceso de compra mediante la transferencia de recursos que permita la licitaci\u00f3n de la aeronave.<\/p>\n<p data-start=\"2050\" data-end=\"2235\">El gobernador explic\u00f3 que este helic\u00f3ptero no solo fortalecer\u00e1 las labores de seguridad, sino que tambi\u00e9n ser\u00e1 fundamental en situaciones de emergencia, especialmente en zonas aisladas.<\/p>\n<p data-start=\"2237\" data-end=\"2487\">Finalmente, <span class=\"hover:entity-accent entity-underline inline cursor-pointer align-baseline\"><span class=\"whitespace-normal\">Miguel Vargas Correa<\/span><\/span> reafirm\u00f3 que la seguridad p\u00fablica seguir\u00e1 siendo una prioridad en su gesti\u00f3n, destacando que estas iniciativas buscan mejorar la capacidad de respuesta y protecci\u00f3n de la ciudadan\u00eda en toda la regi\u00f3n.<\/p>\n<p data-start=\"2237\" data-end=\"2487\">Fuente: el noticiero del Huasco<\/p>\n","protected":false},"excerpt":{"rendered":"<p>En el marco de la conmemoraci\u00f3n de los 99 a\u00f1os de Carabineros de Chile, realizada en la Plaza de Armas de Copiap\u00f3, el gobernador regional&hellip; <\/p>\n","protected":false},"author":5,"featured_media":101914,"comment_status":"closed","ping_status":"closed","sticky":false,"template":"","format":"standard","meta":{"footnotes":""},"categories":[38],"tags":[],"class_list":["post-101913","post","type-post","status-publish","format-standard","has-post-thumbnail","hentry","category-portada-regional"],"_links":{"self":[{"href":"https:\/\/www.radioamigavallenar.cl\/index.php?rest_route=\/wp\/v2\/posts\/101913","targetHints":{"allow":["GET"]}}],"collection":[{"href":"https:\/\/www.radioamigavallenar.cl\/index.php?rest_route=\/wp\/v2\/posts"}],"about":[{"href":"https:\/\/www.radioamigavallenar.cl\/index.php?rest_route=\/wp\/v2\/types\/post"}],"author":[{"embeddable":true,"href":"https:\/\/www.radioamigavallenar.cl\/index.php?rest_route=\/wp\/v2\/users\/5"}],"replies":[{"embeddable":true,"href":"https:\/\/www.radioamigavallenar.cl\/index.php?rest_route=%2Fwp%2Fv2%2Fcomments&post=101913"}],"version-history":[{"count":1,"href":"https:\/\/www.radioamigavallenar.cl\/index.php?rest_route=\/wp\/v2\/posts\/101913\/revisions"}],"predecessor-version":[{"id":101915,"href":"https:\/\/www.radioamigavallenar.cl\/index.php?rest_route=\/wp\/v2\/posts\/101913\/revisions\/101915"}],"wp:featuredmedia":[{"embeddable":true,"href":"https:\/\/www.radioamigavallenar.cl\/index.php?rest_route=\/wp\/v2\/media\/101914"}],"wp:attachment":[{"href":"https:\/\/www.radioamigavallenar.cl\/index.php?rest_route=%2Fwp%2Fv2%2Fmedia&parent=101913"}],"wp:term":[{"taxonomy":"category","embeddable":true,"href":"https:\/\/www.radioamigavallenar.cl\/index.php?rest_route=%2Fwp%2Fv2%2Fcategories&post=101913"},{"taxonomy":"post_tag","embeddable":true,"href":"https:\/\/www.radioamigavallenar.cl\/index.php?rest_route=%2Fwp%2Fv2%2Ftags&post=101913"}],"curies":[{"name":"wp","href":"https:\/\/api.w.org\/{rel}","templated":true}]}}