{"id":101911,"date":"2026-04-30T00:13:15","date_gmt":"2026-04-30T04:13:15","guid":{"rendered":"https:\/\/www.radioamigavallenar.cl\/?p=101911"},"modified":"2026-04-29T11:14:26","modified_gmt":"2026-04-29T15:14:26","slug":"desempleo-en-atacama-baja-a-81-durante-el-primer-trimestre-de-2026","status":"publish","type":"post","link":"https:\/\/www.radioamigavallenar.cl\/?p=101911","title":{"rendered":"Desempleo en Atacama baja a 8,1% durante el primer trimestre de 2026"},"content":{"rendered":"<div class=\"container fullwidth-entry-title-wrapper\">\n<div class=\"container-wrapper fullwidth-entry-title\">\n<header class=\"entry-header-outer\">\n<div class=\"entry-header\">\n<h1 class=\"post-title entry-title\"><\/h1>\n<\/div>\n<\/header>\n<\/div>\n<\/div>\n<div id=\"content\" class=\"site-content container\">\n<div id=\"main-content-row\" class=\"tie-row main-content-row\">\n<div class=\"main-content tie-col-md-8 tie-col-xs-12\" role=\"main\">\n<article id=\"the-post\" class=\"container-wrapper post-content tie-standard\">\n<div id=\"share-buttons-top\" class=\"share-buttons share-buttons-top\">\n<div class=\"share-links  share-centered icons-only\"><\/div>\n<\/div>\n<div class=\"entry-content entry clearfix\">\n<p data-start=\"70\" data-end=\"392\">La tasa de desocupaci\u00f3n en la Regi\u00f3n de Atacama se ubic\u00f3 en 8,1% durante el trimestre enero-marzo de 2026, registrando una disminuci\u00f3n de 0,8 puntos porcentuales en comparaci\u00f3n con igual per\u00edodo del a\u00f1o anterior, seg\u00fan inform\u00f3 la Encuesta Nacional de Empleo (ENE) elaborada por el Instituto Nacional de Estad\u00edsticas (INE).<\/p>\n<div class=\"code-block code-block-3\">\n<div id=\"sas_99069\">\n<div id=\"sas_1777475580723rnd\">\n<div id=\"equativ_feedback_button_99069\" data-exclude-click=\"\"><img decoding=\"async\" src=\"https:\/\/ced-ns.sascdn.com\/diff\/templates\/images\/info.svg\" data-exclude-click=\"\" \/><\/div>\n<\/div>\n<\/div>\n<\/div>\n<p data-start=\"394\" data-end=\"652\">La baja en el desempleo se explic\u00f3 porque el crecimiento de la fuerza de trabajo fue de 0,6%, cifra menor al aumento de las personas ocupadas, que alcanz\u00f3 un 1,4% en doce meses. En paralelo, el n\u00famero de personas desocupadas present\u00f3 una disminuci\u00f3n de 8,3%.<\/p>\n<p data-start=\"654\" data-end=\"893\">En el mismo per\u00edodo, la tasa de participaci\u00f3n laboral se situ\u00f3 en 65,9%, con una leve baja de 0,2 puntos porcentuales, mientras que la tasa de ocupaci\u00f3n lleg\u00f3 a 60,6%, mostrando un alza de 0,4 puntos porcentuales respecto del a\u00f1o anterior.<\/p>\n<p data-start=\"895\" data-end=\"1085\">Por otra parte, la poblaci\u00f3n fuera de la fuerza de trabajo aument\u00f3 1,4%, influida principalmente por el crecimiento de los inactivos potencialmente activos, que registraron un alza de 29,5%.<\/p>\n<div class=\"code-block code-block-5\">\n<div id=\"sas_99435\"><\/div>\n<\/div>\n<p data-start=\"1087\" data-end=\"1365\">Al observar el comportamiento por g\u00e9nero, la tasa de desocupaci\u00f3n femenina alcanz\u00f3 el 10,3%, con una disminuci\u00f3n de 0,1 puntos porcentuales en doce meses. En tanto, los hombres registraron una tasa de desempleo de 6,5%, con una baja m\u00e1s significativa de 1,3 puntos porcentuales.<\/p>\n<p data-start=\"1367\" data-end=\"1559\">En cuanto al total de personas ocupadas, la estimaci\u00f3n mostr\u00f3 un crecimiento de 1,4% en un a\u00f1o, impulsado tanto por las mujeres, que aumentaron 3,0%, como por los hombres, con un alza de 0,4%.<\/p>\n<p data-start=\"1561\" data-end=\"1742\">Los sectores econ\u00f3micos que m\u00e1s incidieron en este incremento fueron miner\u00eda, con un crecimiento de 23,9%; administraci\u00f3n p\u00fablica, con un alza de 50,2%; y comercio, que avanz\u00f3 3,7%.<\/p>\n<p data-start=\"1744\" data-end=\"1937\">Desde el punto de vista de la categor\u00eda ocupacional, el principal impulso se observ\u00f3 en los asalariados formales, que aumentaron 4,2%, consolidando una mejora en la calidad del empleo regional.<\/p>\n<p data-start=\"1939\" data-end=\"2140\">Respecto a la informalidad laboral, la tasa de ocupaci\u00f3n informal se ubic\u00f3 en 25,9%, lo que representa una disminuci\u00f3n de 2,3 puntos porcentuales en comparaci\u00f3n con el mismo trimestre del a\u00f1o anterior.<\/p>\n<p data-start=\"2142\" data-end=\"2304\">Asimismo, las personas ocupadas informales disminuyeron 6,8%, una ca\u00edda que estuvo incidida exclusivamente por los hombres, quienes registraron una baja de 16,3%.<\/p>\n<p data-start=\"2306\" data-end=\"2502\">En cuanto a los indicadores de subutilizaci\u00f3n de la fuerza laboral, la tasa combinada de desocupaci\u00f3n y fuerza de trabajo potencial alcanz\u00f3 20,2%, aumentando 1,7 puntos porcentuales en doce meses.<\/p>\n<p data-start=\"2504\" data-end=\"2667\" data-is-last-node=\"\" data-is-only-node=\"\">Este indicador lleg\u00f3 a 15,5% en hombres y a 26,0% en mujeres, reflejando una brecha de g\u00e9nero de 10,5 puntos porcentuales en el acceso efectivo al mercado laboral.<\/p>\n<\/div>\n<\/article>\n<\/div>\n<\/div>\n<\/div>\n","protected":false},"excerpt":{"rendered":"<p>La tasa de desocupaci\u00f3n en la Regi\u00f3n de Atacama se ubic\u00f3 en 8,1% durante el trimestre enero-marzo de 2026, registrando una disminuci\u00f3n de 0,8 puntos&hellip; <\/p>\n","protected":false},"author":5,"featured_media":99746,"comment_status":"closed","ping_status":"closed","sticky":false,"template":"","format":"standard","meta":{"footnotes":""},"categories":[38],"tags":[],"class_list":["post-101911","post","type-post","status-publish","format-standard","has-post-thumbnail","hentry","category-portada-regional"],"_links":{"self":[{"href":"https:\/\/www.radioamigavallenar.cl\/index.php?rest_route=\/wp\/v2\/posts\/101911","targetHints":{"allow":["GET"]}}],"collection":[{"href":"https:\/\/www.radioamigavallenar.cl\/index.php?rest_route=\/wp\/v2\/posts"}],"about":[{"href":"https:\/\/www.radioamigavallenar.cl\/index.php?rest_route=\/wp\/v2\/types\/post"}],"author":[{"embeddable":true,"href":"https:\/\/www.radioamigavallenar.cl\/index.php?rest_route=\/wp\/v2\/users\/5"}],"replies":[{"embeddable":true,"href":"https:\/\/www.radioamigavallenar.cl\/index.php?rest_route=%2Fwp%2Fv2%2Fcomments&post=101911"}],"version-history":[{"count":1,"href":"https:\/\/www.radioamigavallenar.cl\/index.php?rest_route=\/wp\/v2\/posts\/101911\/revisions"}],"predecessor-version":[{"id":101912,"href":"https:\/\/www.radioamigavallenar.cl\/index.php?rest_route=\/wp\/v2\/posts\/101911\/revisions\/101912"}],"wp:featuredmedia":[{"embeddable":true,"href":"https:\/\/www.radioamigavallenar.cl\/index.php?rest_route=\/wp\/v2\/media\/99746"}],"wp:attachment":[{"href":"https:\/\/www.radioamigavallenar.cl\/index.php?rest_route=%2Fwp%2Fv2%2Fmedia&parent=101911"}],"wp:term":[{"taxonomy":"category","embeddable":true,"href":"https:\/\/www.radioamigavallenar.cl\/index.php?rest_route=%2Fwp%2Fv2%2Fcategories&post=101911"},{"taxonomy":"post_tag","embeddable":true,"href":"https:\/\/www.radioamigavallenar.cl\/index.php?rest_route=%2Fwp%2Fv2%2Ftags&post=101911"}],"curies":[{"name":"wp","href":"https:\/\/api.w.org\/{rel}","templated":true}]}}