{"id":101908,"date":"2026-04-29T11:09:12","date_gmt":"2026-04-29T15:09:12","guid":{"rendered":"https:\/\/www.radioamigavallenar.cl\/?p=101908"},"modified":"2026-04-29T11:09:12","modified_gmt":"2026-04-29T15:09:12","slug":"estas-son-las-ciudades-de-chile-donde-mas-han-subido-los-gastos-comunes-en-el-ultimo-ano","status":"publish","type":"post","link":"https:\/\/www.radioamigavallenar.cl\/?p=101908","title":{"rendered":"Estas son las ciudades de Chile donde m\u00e1s han subido los gastos comunes en el \u00faltimo a\u00f1o"},"content":{"rendered":"<h2 data-section-id=\"r4yono\" data-start=\"124\" data-end=\"219\"><\/h2>\n<p data-start=\"221\" data-end=\"372\"><strong data-start=\"221\" data-end=\"372\">Un estudio revela alzas de hasta casi un 19%, impulsadas por el aumento en servicios, mantenci\u00f3n y costos operacionales en edificios y condominios.<\/strong><\/p>\n<p data-start=\"374\" data-end=\"672\">Un reciente informe de la plataforma <span class=\"hover:entity-accent entity-underline inline cursor-pointer align-baseline\"><span class=\"whitespace-normal\">ComunidadFeliz<\/span><\/span> dio a conocer las ciudades de Chile donde m\u00e1s han aumentado los gastos comunes entre enero de 2025 y enero de 2026, evidenciando un alza significativa en este costo que impacta directamente en el presupuesto de los hogares.<\/p>\n<p data-start=\"674\" data-end=\"889\">Seg\u00fan el estudio, <span class=\"hover:entity-accent entity-underline inline cursor-pointer align-baseline\"><span class=\"whitespace-normal\">Conc\u00f3n<\/span><\/span> lidera el ranking con un incremento de 18,99%, seguida por <span class=\"hover:entity-accent entity-underline inline cursor-pointer align-baseline\"><span class=\"whitespace-normal\">Valpara\u00edso<\/span><\/span> con 15,07% y <span class=\"hover:entity-accent entity-underline inline cursor-pointer align-baseline\"><span class=\"whitespace-normal\">La Serena<\/span><\/span> con 14,34%.<\/p>\n<h3 data-section-id=\"1rsyevi\" data-start=\"891\" data-end=\"933\"><span role=\"text\"><strong data-start=\"895\" data-end=\"933\">Ranking de alzas en gastos comunes<\/strong><\/span><\/h3>\n<p data-start=\"935\" data-end=\"1007\">El listado completo de ciudades con mayores incrementos es el siguiente:<\/p>\n<ol data-start=\"1009\" data-end=\"1499\">\n<li data-section-id=\"h6dv3v\" data-start=\"1009\" data-end=\"1079\"><span class=\"hover:entity-accent entity-underline inline cursor-pointer align-baseline\"><span class=\"whitespace-normal\">Conc\u00f3n<\/span><\/span>: 18,99% (promedio $159.887)<\/li>\n<li data-section-id=\"thnn18\" data-start=\"1080\" data-end=\"1150\"><span class=\"hover:entity-accent entity-underline inline cursor-pointer align-baseline\"><span class=\"whitespace-normal\">Valpara\u00edso<\/span><\/span>: 15,07% (promedio $107.244)<\/li>\n<li data-section-id=\"7ho93\" data-start=\"1151\" data-end=\"1220\"><span class=\"hover:entity-accent entity-underline inline cursor-pointer align-baseline\"><span class=\"whitespace-normal\">La Serena<\/span><\/span>: 14,34% (promedio $85.640)<\/li>\n<li data-section-id=\"11sdxer\" data-start=\"1221\" data-end=\"1290\"><span class=\"hover:entity-accent entity-underline inline cursor-pointer align-baseline\"><span class=\"whitespace-normal\">Vi\u00f1a del Mar<\/span><\/span>: 9,80% (promedio $133.349)<\/li>\n<li data-section-id=\"xkjvn9\" data-start=\"1291\" data-end=\"1359\"><span class=\"hover:entity-accent entity-underline inline cursor-pointer align-baseline\"><span class=\"whitespace-normal\">Temuco<\/span><\/span>: 8,38% (promedio $78.630)<\/li>\n<li data-section-id=\"18ee16g\" data-start=\"1360\" data-end=\"1428\"><span class=\"hover:entity-accent entity-underline inline cursor-pointer align-baseline\"><span class=\"whitespace-normal\">Concepci\u00f3n<\/span><\/span>: 2,70% (promedio $74.032)<\/li>\n<li data-section-id=\"1bjiuvs\" data-start=\"1429\" data-end=\"1499\"><span class=\"hover:entity-accent entity-underline inline cursor-pointer align-baseline\"><span class=\"whitespace-normal\">Antofagasta<\/span><\/span>: 2,03% (promedio $82.926)<\/li>\n<\/ol>\n<p data-start=\"1501\" data-end=\"1709\">El informe tambi\u00e9n destaca que ciudades como Conc\u00f3n, Vi\u00f1a del Mar y Valpara\u00edso no solo lideran en porcentaje de alza, sino que adem\u00e1s presentan los montos promedio m\u00e1s altos, superando los $100 mil mensuales.<\/p>\n<h3 data-section-id=\"rcxvza\" data-start=\"1711\" data-end=\"1743\"><span role=\"text\"><strong data-start=\"1715\" data-end=\"1743\">\u00bfPor qu\u00e9 est\u00e1n subiendo?<\/strong><\/span><\/h3>\n<p data-start=\"1745\" data-end=\"1831\">De acuerdo al an\u00e1lisis, el aumento en los gastos comunes responde a diversos factores:<\/p>\n<ul data-start=\"1833\" data-end=\"2161\">\n<li data-section-id=\"1dvwazy\" data-start=\"1833\" data-end=\"1907\">Incremento en los costos de servicios b\u00e1sicos como electricidad y agua<\/li>\n<li data-section-id=\"91jfht\" data-start=\"1908\" data-end=\"1979\">Alza en las remuneraciones del personal de conserjer\u00eda y mantenci\u00f3n<\/li>\n<li data-section-id=\"1wmceun\" data-start=\"1980\" data-end=\"2024\">Mayor demanda por seguridad en edificios<\/li>\n<li data-section-id=\"12n6aql\" data-start=\"2025\" data-end=\"2110\">Aumento en mantenciones t\u00e9cnicas (ascensores, sistemas el\u00e9ctricos, \u00e1reas comunes)<\/li>\n<li data-section-id=\"1378d31\" data-start=\"2111\" data-end=\"2161\">Impacto de la inflaci\u00f3n en insumos y servicios<\/li>\n<\/ul>\n<p data-start=\"2163\" data-end=\"2318\">Adem\u00e1s, especialistas advierten que meses como marzo suelen ser especialmente exigentes para las familias, debido a otros gastos asociados, como educaci\u00f3n.<\/p>\n<h3 data-section-id=\"f8m839\" data-start=\"2320\" data-end=\"2350\"><span role=\"text\"><strong data-start=\"2324\" data-end=\"2350\">Impacto en los hogares<\/strong><\/span><\/h3>\n<p data-start=\"2352\" data-end=\"2520\">Considerando que los gastos comunes se suman al arriendo o dividendo, adem\u00e1s de las cuentas del hogar, su incremento representa una presi\u00f3n adicional para las familias.<\/p>\n","protected":false},"excerpt":{"rendered":"<p>Un estudio revela alzas de hasta casi un 19%, impulsadas por el aumento en servicios, mantenci\u00f3n y costos operacionales en edificios y condominios. Un reciente&hellip; <\/p>\n","protected":false},"author":5,"featured_media":101909,"comment_status":"closed","ping_status":"closed","sticky":false,"template":"","format":"standard","meta":{"footnotes":""},"categories":[37],"tags":[],"class_list":["post-101908","post","type-post","status-publish","format-standard","has-post-thumbnail","hentry","category-nacional"],"_links":{"self":[{"href":"https:\/\/www.radioamigavallenar.cl\/index.php?rest_route=\/wp\/v2\/posts\/101908","targetHints":{"allow":["GET"]}}],"collection":[{"href":"https:\/\/www.radioamigavallenar.cl\/index.php?rest_route=\/wp\/v2\/posts"}],"about":[{"href":"https:\/\/www.radioamigavallenar.cl\/index.php?rest_route=\/wp\/v2\/types\/post"}],"author":[{"embeddable":true,"href":"https:\/\/www.radioamigavallenar.cl\/index.php?rest_route=\/wp\/v2\/users\/5"}],"replies":[{"embeddable":true,"href":"https:\/\/www.radioamigavallenar.cl\/index.php?rest_route=%2Fwp%2Fv2%2Fcomments&post=101908"}],"version-history":[{"count":1,"href":"https:\/\/www.radioamigavallenar.cl\/index.php?rest_route=\/wp\/v2\/posts\/101908\/revisions"}],"predecessor-version":[{"id":101910,"href":"https:\/\/www.radioamigavallenar.cl\/index.php?rest_route=\/wp\/v2\/posts\/101908\/revisions\/101910"}],"wp:featuredmedia":[{"embeddable":true,"href":"https:\/\/www.radioamigavallenar.cl\/index.php?rest_route=\/wp\/v2\/media\/101909"}],"wp:attachment":[{"href":"https:\/\/www.radioamigavallenar.cl\/index.php?rest_route=%2Fwp%2Fv2%2Fmedia&parent=101908"}],"wp:term":[{"taxonomy":"category","embeddable":true,"href":"https:\/\/www.radioamigavallenar.cl\/index.php?rest_route=%2Fwp%2Fv2%2Fcategories&post=101908"},{"taxonomy":"post_tag","embeddable":true,"href":"https:\/\/www.radioamigavallenar.cl\/index.php?rest_route=%2Fwp%2Fv2%2Ftags&post=101908"}],"curies":[{"name":"wp","href":"https:\/\/api.w.org\/{rel}","templated":true}]}}