{"id":101905,"date":"2026-04-29T09:23:12","date_gmt":"2026-04-29T13:23:12","guid":{"rendered":"https:\/\/www.radioamigavallenar.cl\/?p=101905"},"modified":"2026-04-29T09:23:12","modified_gmt":"2026-04-29T13:23:12","slug":"desempleo-sube-a-89-en-chile-y-alcanza-96-en-la-region-metropolitana","status":"publish","type":"post","link":"https:\/\/www.radioamigavallenar.cl\/?p=101905","title":{"rendered":"Desempleo sube a 8,9% en Chile y alcanza 9,6% en la Regi\u00f3n Metropolitana"},"content":{"rendered":"<p data-start=\"190\" data-end=\"330\"><strong data-start=\"190\" data-end=\"330\">Cifras del INE muestran un aumento en la desocupaci\u00f3n durante el primer trimestre de 2026, junto con un alza en la informalidad laboral.<\/strong><\/p>\n<p data-start=\"332\" data-end=\"561\">La tasa de desempleo en Chile alcanz\u00f3 un 8,9% durante el trimestre enero-marzo de 2026, registrando un aumento respecto al 8,3% observado en el per\u00edodo m\u00f3vil anterior, seg\u00fan inform\u00f3 el <span class=\"hover:entity-accent entity-underline inline cursor-pointer align-baseline\"><span class=\"whitespace-normal\">Instituto Nacional de Estad\u00edsticas de Chile<\/span><\/span> (INE).<\/p>\n<p data-start=\"563\" data-end=\"786\">El incremento tambi\u00e9n se reflej\u00f3 en la Regi\u00f3n Metropolitana, donde la desocupaci\u00f3n subi\u00f3 de 8,8% a 9,6% en igual comparaci\u00f3n de per\u00edodos, evidenciando un deterioro en el mercado laboral en la principal zona urbana del pa\u00eds.<\/p>\n<h3 data-section-id=\"1tzkk3c\" data-start=\"788\" data-end=\"819\"><span role=\"text\"><strong data-start=\"792\" data-end=\"819\">Aumenta la informalidad<\/strong><\/span><\/h3>\n<p data-start=\"821\" data-end=\"1012\">En paralelo, la tasa de ocupaci\u00f3n informal se ubic\u00f3 en 26,5%, lo que representa un aumento de 0,7 puntos porcentuales en doce meses, consolidando una tendencia al alza en este tipo de empleo.<\/p>\n<h3 data-section-id=\"1v6wetd\" data-start=\"1014\" data-end=\"1050\"><span role=\"text\"><strong data-start=\"1018\" data-end=\"1050\">Escenario laboral en tensi\u00f3n<\/strong><\/span><\/h3>\n<p data-start=\"1052\" data-end=\"1234\">Las cifras corresponden a la Encuesta Nacional de Empleo y reflejan un escenario complejo, marcado por un crecimiento de la desocupaci\u00f3n y una mayor presencia de trabajos informales.<\/p>\n<p data-start=\"1236\" data-end=\"1459\" data-is-last-node=\"\" data-is-only-node=\"\"><strong data-start=\"1236\" data-end=\"1459\" data-is-last-node=\"\">Este panorama plantea nuevos desaf\u00edos para la econom\u00eda y las pol\u00edticas p\u00fablicas, en un contexto donde la recuperaci\u00f3n del empleo formal se vuelve clave para mejorar la estabilidad laboral y los ingresos de las familias.<\/strong><\/p>\n","protected":false},"excerpt":{"rendered":"<p>Cifras del INE muestran un aumento en la desocupaci\u00f3n durante el primer trimestre de 2026, junto con un alza en la informalidad laboral. La tasa&hellip; <\/p>\n","protected":false},"author":5,"featured_media":98698,"comment_status":"closed","ping_status":"closed","sticky":false,"template":"","format":"standard","meta":{"footnotes":""},"categories":[37],"tags":[],"class_list":["post-101905","post","type-post","status-publish","format-standard","has-post-thumbnail","hentry","category-nacional"],"_links":{"self":[{"href":"https:\/\/www.radioamigavallenar.cl\/index.php?rest_route=\/wp\/v2\/posts\/101905","targetHints":{"allow":["GET"]}}],"collection":[{"href":"https:\/\/www.radioamigavallenar.cl\/index.php?rest_route=\/wp\/v2\/posts"}],"about":[{"href":"https:\/\/www.radioamigavallenar.cl\/index.php?rest_route=\/wp\/v2\/types\/post"}],"author":[{"embeddable":true,"href":"https:\/\/www.radioamigavallenar.cl\/index.php?rest_route=\/wp\/v2\/users\/5"}],"replies":[{"embeddable":true,"href":"https:\/\/www.radioamigavallenar.cl\/index.php?rest_route=%2Fwp%2Fv2%2Fcomments&post=101905"}],"version-history":[{"count":1,"href":"https:\/\/www.radioamigavallenar.cl\/index.php?rest_route=\/wp\/v2\/posts\/101905\/revisions"}],"predecessor-version":[{"id":101906,"href":"https:\/\/www.radioamigavallenar.cl\/index.php?rest_route=\/wp\/v2\/posts\/101905\/revisions\/101906"}],"wp:featuredmedia":[{"embeddable":true,"href":"https:\/\/www.radioamigavallenar.cl\/index.php?rest_route=\/wp\/v2\/media\/98698"}],"wp:attachment":[{"href":"https:\/\/www.radioamigavallenar.cl\/index.php?rest_route=%2Fwp%2Fv2%2Fmedia&parent=101905"}],"wp:term":[{"taxonomy":"category","embeddable":true,"href":"https:\/\/www.radioamigavallenar.cl\/index.php?rest_route=%2Fwp%2Fv2%2Fcategories&post=101905"},{"taxonomy":"post_tag","embeddable":true,"href":"https:\/\/www.radioamigavallenar.cl\/index.php?rest_route=%2Fwp%2Fv2%2Ftags&post=101905"}],"curies":[{"name":"wp","href":"https:\/\/api.w.org\/{rel}","templated":true}]}}