{"id":101902,"date":"2026-04-29T09:20:15","date_gmt":"2026-04-29T13:20:15","guid":{"rendered":"https:\/\/www.radioamigavallenar.cl\/?p=101902"},"modified":"2026-04-29T09:20:15","modified_gmt":"2026-04-29T13:20:15","slug":"copiapo-avanza-cuenta-publica-2025-destaca-historica-inversion-en-seguridad-limpieza-recuperacion-de-espacios-publicos-y-ayuda-social","status":"publish","type":"post","link":"https:\/\/www.radioamigavallenar.cl\/?p=101902","title":{"rendered":"Copiap\u00f3 avanza: Cuenta P\u00fablica 2025 destaca hist\u00f3rica inversi\u00f3n en seguridad, limpieza, recuperaci\u00f3n de espacios p\u00fablicos y ayuda social"},"content":{"rendered":"<div class=\"container fullwidth-entry-title-wrapper\">\n<div class=\"container-wrapper fullwidth-entry-title\">\n<header class=\"entry-header-outer\">\n<div class=\"entry-header\"><\/div>\n<\/header>\n<\/div>\n<\/div>\n<div id=\"content\" class=\"site-content container\">\n<div id=\"main-content-row\" class=\"tie-row main-content-row\">\n<div class=\"main-content tie-col-md-8 tie-col-xs-12\" role=\"main\">\n<article id=\"the-post\" class=\"container-wrapper post-content tie-standard\">\n<div class=\"entry-content entry clearfix\">\n<div class=\"code-block code-block-3\">\n<div id=\"sas_99069\">\n<div id=\"sas_1777468432688rnd\">\n<div id=\"equativ_feedback_button_99069\" data-exclude-click=\"\"><\/div>\n<\/div>\n<\/div>\n<\/div>\n<p lang=\"es-ES\" align=\"justify\">\n<p align=\"justify\"><span lang=\"es-ES\">Con importantes e hist\u00f3ricos avances en materia social, limpieza, orden y seguridad, el alcalde de Copiap\u00f3, Maglio Cicardini Neyra, present\u00f3 su Cuenta P\u00fablica 2025, dando cumplimiento al Art\u00edculo N\u00b067 de la Ley Org\u00e1nica de Municipalidades en el marco de la sesi\u00f3n ordinaria N\u00b014 del Concejo Municipal.<\/span><\/p>\n<p align=\"justify\"><span lang=\"es-ES\">La m\u00e1xima autoridad comunal destac\u00f3 que \u201cme siento contento porque el 2025 hemos logrado cifras hist\u00f3ricas como m\u00e1s de 34 mil atenciones sociales, m\u00e1s de 1.200 casos exitosos de inserci\u00f3n laboral, un aumento del 150% de la dotaci\u00f3n de seguridad municipal para tener m\u00e1s presencia en las calles, 3 mil infracciones de tr\u00e1nsito, 1.100 patrullajes en recintos educacionales, la intervenci\u00f3n de m\u00e1s de 50 microbasurales y un alza de 496% de operativos de recuperaci\u00f3n de espacios p\u00fablicos que sin duda son muy valorados por la comunidad\u201d.<\/span><\/p>\n<div class=\"code-block code-block-5\">\n<div id=\"sas_99435\"><\/div>\n<\/div>\n<p align=\"justify\">\u201c<span lang=\"es-ES\">Cada decisi\u00f3n, cada proyecto y cada inversi\u00f3n tiene un prop\u00f3sito concreto, que es mejorar la calidad de vida de nuestras vecinas y vecinos. Esto cobra a\u00fan m\u00e1s relevancia en un escenario de crisis econ\u00f3mica, donde las familias est\u00e1n enfrentando mayores dificultades y donde, adem\u00e1s, se est\u00e1n discutiendo megarreformas a nivel central que podr\u00edan impactar directamente los recursos de las comunas.\u201d, enfatiz\u00f3 Cicardini.<\/span><\/p>\n<p align=\"justify\"><a name=\"_GoBack\"><\/a><span lang=\"es-ES\">Durante la ceremonia tambi\u00e9n se present\u00f3 el dise\u00f1o virtual de lo que ser\u00e1 la nueva municipalidad. La moderna infraestructura permitir\u00e1 centralizar los servicios municipales en un solo lugar para mejorar la atenci\u00f3n a los vecinos y optimizar los procesos administrativos. El edificio consta de 12 niveles incluyendo subterr\u00e1neo, 18.300 metros cuadrados aproximado de intervenci\u00f3n, accesibilidad universal, amplios espacios con una gran plaza de espacios y ser\u00e1 un edificio sustentable con energ\u00eda fotovoltaico y cuidado del agua y un amplio estacionamiento para m\u00e1s de 240 veh\u00edculos.<\/span><\/p>\n<p align=\"justify\"><span lang=\"es-ES\">La presidenta de la Junta de Vecinos Villa Ferroviaria, Marlene Carvajal, dijo que \u201cha sido una cuenta bastante buena. Lo que m\u00e1s me llam\u00f3 la atenci\u00f3n es el hecho de que todo fue muy claro con t\u00e9rminos que uno entiende y eso ayuda bastante. El alcalde como buen copiapino siempre ha querido lo mejor para Copiap\u00f3\u201d.<\/span><\/p>\n<p align=\"justify\"><span lang=\"es-ES\">En tanto, la presidenta de la Junta de Vecinos Los Minerales Quinta Etapa, Julia Correa, sostuvo que \u201cme gust\u00f3 que cada direcci\u00f3n va dando cuenta de lo que hizo. Muy bueno el tema de la limpieza y en mi caso unas animitas que sacaron cerca de mi casa y ahora qued\u00f3 seguro e impecable\u201d.<\/span><\/p>\n<p align=\"justify\"><span lang=\"es-ES\">Melania Madrid representante del Club de Adulto Mayor Hilos de Plata, subray\u00f3 que \u201cprimera vez que veo una cuenta p\u00fablica tan linda con tanta gente, apoyando y con tantas novedades para la gente. Los adultos mayores hemos sido muy apoyados por el alcalde Cicardini. Nos sacan a pasear, tenemos talleres y muchas cosas que antes no ten\u00edamos\u201d.<\/span><\/p>\n<p align=\"justify\"><span lang=\"es-ES\">Balance<\/span><\/p>\n<p align=\"justify\"><span lang=\"es-ES\">En el \u00e1mbito social, la Direcci\u00f3n de Desarrollo Comunitario registr\u00f3 m\u00e1s de 34 mil ayudas y beneficios entregados a la comunidad. Asimismo, se fortaleci\u00f3 el v\u00ednculo con organizaciones territoriales y funcionales, tales como juntas de vecinos, clubes de adulto mayor, centros de madres y agrupaciones deportivas, consolid\u00e1ndolos como aliados estrat\u00e9gicos de la gesti\u00f3n municipal.<\/span><\/p>\n<p align=\"justify\"><span lang=\"es-ES\">En materia de desarrollo personal y empleabilidad, 1.200 personas lograron insertarse en el mundo laboral a trav\u00e9s de la Oficina Municipal de Informaci\u00f3n Laboral (OMIL), mientras que 153 vecinos finalizaron su ense\u00f1anza media gracias al programa de nivelaci\u00f3n de estudios.<\/span><\/p>\n<p align=\"justify\"><span lang=\"es-ES\">El deporte tambi\u00e9n fue protagonista durante el 2025, con m\u00e1s de 210 mil participaciones en actividades f\u00edsicas y recreativas realizadas en barrios, el Estadio Techado Orlando Guaita y el Estadio Atl\u00e9tico Ram\u00f3n Tapia Chambilla. A esto se sum\u00f3 el retorno del programa \u201cCopiap\u00f3 Activo\u201d, con siete operativos que beneficiaron a m\u00e1s de 100 mil personas.<\/span><\/p>\n<p align=\"justify\"><span lang=\"es-ES\">En tanto, el programa \u201cVerano Azul\u201d permiti\u00f3 que m\u00e1s de 15 mil vecinos, especialmente ni\u00f1os y adultos mayores, disfrutaran de jornadas recreativas en la playa de Caleta Pajonales.<\/span><\/p>\n<p align=\"justify\"><span lang=\"es-ES\">Como parte del apoyo a las familias m\u00e1s vulnerables, el municipio distribuy\u00f3 m\u00e1s de 30 mil cajas de alimentos y de Navidad, en un esfuerzo hist\u00f3rico por mejorar tanto la cobertura como la calidad de la ayuda social.<\/span><\/p>\n<p align=\"justify\"><span lang=\"es-ES\">La actividad cont\u00f3 con la participaci\u00f3n del gobernador de Atacama, Miguel Vargas, autoridades regionales, concejales, representantes de las polic\u00edas y Fuerzas Armadas, adem\u00e1s de organizaciones sociales y vecinos de la comuna.<\/span><\/p>\n<p align=\"justify\"><span lang=\"es-ES\">El gobernador Vargas subray\u00f3 que \u201cvimos un informe bastante robusto, acciones bien concretas en las distintas \u00e1reas, grandes obras que se est\u00e1n materializando en la comuna y que muchas de ellas cuentan con el apoyo del Gobierno Regional de Atacama siendo la principal fuente de financiamiento que tienen la municipalidad y siendo un aliado estrat\u00e9gico para asegurar una gesti\u00f3n exitosa\u201d.<\/span><\/p>\n<p align=\"justify\"><span lang=\"es-ES\">En el eje de seguridad p\u00fablica, una de las principales preocupaciones de la ciudadan\u00eda, se fortaleci\u00f3 la Direcci\u00f3n de Seguridad P\u00fablica (DISEM), aumentando su dotaci\u00f3n de 12 a 28 funcionarios. Esto permiti\u00f3 intensificar los patrullajes preventivos y ampliar la cobertura operativa.<\/span><\/p>\n<p align=\"justify\"><span lang=\"es-ES\">Durante el a\u00f1o se realizaron 3.385 controles por infracci\u00f3n a la Ley de Tr\u00e1nsito, 422 operativos de recuperaci\u00f3n de espacios p\u00fablicos, 551 patrullajes nocturnos, m\u00e1s de 2.200 patrullajes de infanter\u00eda en el casco hist\u00f3rico y 382 patrullajes mixtos en coordinaci\u00f3n con Carabineros, entre otras acciones relevantes en materia de seguridad y prevenci\u00f3n.<\/span><\/p>\n<p align=\"justify\"><span lang=\"es-ES\">En cuanto a orden y limpieza, la Direcci\u00f3n de Operaciones ejecut\u00f3 m\u00e1s de 50 operativos en microbasurales y m\u00e1s de 60 intervenciones de apoyo social. Adem\u00e1s, se registr\u00f3 un aumento de 4.674 toneladas en la gesti\u00f3n de residuos en comparaci\u00f3n con 2024. Destaca tambi\u00e9n el incremento del 186% en la instalaci\u00f3n de tolvas para retiro de enseres en desuso y un aumento del 496% en la recuperaci\u00f3n de espacios p\u00fablicos.<\/span><\/p>\n<p align=\"justify\"><span lang=\"es-ES\">En materia de inversi\u00f3n y desarrollo urbano, la Secretar\u00eda Comunal de Planificaci\u00f3n gener\u00f3 m\u00e1s de 67 proyectos por un monto superior a los 44 mil millones de pesos, contemplando obras como pavimentaci\u00f3n, reparaci\u00f3n de veredas, instalaci\u00f3n de se\u00f1al\u00e9ticas, semaforizaci\u00f3n y mejoramiento integral de barrios, adem\u00e1s de la construcci\u00f3n de nuevas sedes sociales, plazas y espacios comunitarios.<\/span><\/p>\n<p align=\"justify\"><span lang=\"es-ES\">Con esta Cuenta P\u00fablica, el municipio reafirm\u00f3 su compromiso con el desarrollo integral de Copiap\u00f3, fortaleciendo la gesti\u00f3n local con foco en las personas, la seguridad y la recuperaci\u00f3n de los espacios p\u00fablicos.<\/span><\/p>\n<\/div>\n<\/article>\n<\/div>\n<\/div>\n<\/div>\n","protected":false},"excerpt":{"rendered":"<p>Con importantes e hist\u00f3ricos avances en materia social, limpieza, orden y seguridad, el alcalde de Copiap\u00f3, Maglio Cicardini Neyra, present\u00f3 su Cuenta P\u00fablica 2025, dando&hellip; <\/p>\n","protected":false},"author":5,"featured_media":101903,"comment_status":"closed","ping_status":"closed","sticky":false,"template":"","format":"standard","meta":{"footnotes":""},"categories":[7],"tags":[],"class_list":["post-101902","post","type-post","status-publish","format-standard","has-post-thumbnail","hentry","category-atacama"],"_links":{"self":[{"href":"https:\/\/www.radioamigavallenar.cl\/index.php?rest_route=\/wp\/v2\/posts\/101902","targetHints":{"allow":["GET"]}}],"collection":[{"href":"https:\/\/www.radioamigavallenar.cl\/index.php?rest_route=\/wp\/v2\/posts"}],"about":[{"href":"https:\/\/www.radioamigavallenar.cl\/index.php?rest_route=\/wp\/v2\/types\/post"}],"author":[{"embeddable":true,"href":"https:\/\/www.radioamigavallenar.cl\/index.php?rest_route=\/wp\/v2\/users\/5"}],"replies":[{"embeddable":true,"href":"https:\/\/www.radioamigavallenar.cl\/index.php?rest_route=%2Fwp%2Fv2%2Fcomments&post=101902"}],"version-history":[{"count":1,"href":"https:\/\/www.radioamigavallenar.cl\/index.php?rest_route=\/wp\/v2\/posts\/101902\/revisions"}],"predecessor-version":[{"id":101904,"href":"https:\/\/www.radioamigavallenar.cl\/index.php?rest_route=\/wp\/v2\/posts\/101902\/revisions\/101904"}],"wp:featuredmedia":[{"embeddable":true,"href":"https:\/\/www.radioamigavallenar.cl\/index.php?rest_route=\/wp\/v2\/media\/101903"}],"wp:attachment":[{"href":"https:\/\/www.radioamigavallenar.cl\/index.php?rest_route=%2Fwp%2Fv2%2Fmedia&parent=101902"}],"wp:term":[{"taxonomy":"category","embeddable":true,"href":"https:\/\/www.radioamigavallenar.cl\/index.php?rest_route=%2Fwp%2Fv2%2Fcategories&post=101902"},{"taxonomy":"post_tag","embeddable":true,"href":"https:\/\/www.radioamigavallenar.cl\/index.php?rest_route=%2Fwp%2Fv2%2Ftags&post=101902"}],"curies":[{"name":"wp","href":"https:\/\/api.w.org\/{rel}","templated":true}]}}