{"id":101900,"date":"2026-04-29T09:13:35","date_gmt":"2026-04-29T13:13:35","guid":{"rendered":"https:\/\/www.radioamigavallenar.cl\/?p=101900"},"modified":"2026-04-29T09:13:35","modified_gmt":"2026-04-29T13:13:35","slug":"pdi-atacama-recupero-tres-millones-de-pesos-tras-esclarecer-una-denuncia-por-estafa","status":"publish","type":"post","link":"https:\/\/www.radioamigavallenar.cl\/?p=101900","title":{"rendered":"PDI Atacama recuper\u00f3 tres millones de pesos tras esclarecer una denuncia por estafa"},"content":{"rendered":"<p><em><strong>\u00a0 \u00a0 \u00a0 \u00a0 \u00a0<\/strong><\/em><\/p>\n<p>Detectives de la Brigada Investigadora de Delitos Econ\u00f3micos (Bridec) de la PDI Copiap\u00f3, realizaron diligencias tras una investigaci\u00f3n por el delito de estafa, logrando esclarecer el hecho y recuperando los tres millones de pesos que hab\u00edan sido pagados y denunciados por la v\u00edctima.<\/p>\n<p>&nbsp;<\/p>\n<p>\u201cOficiales policiales de la Bridec llevaron a cabo una serie de diligencias investigativas en virtud a una Orden de Investigar emitida por la Fiscal\u00eda Local de Copiap\u00f3, donde la v\u00edctima manifest\u00f3 haber realizado una transferencia por tres millones de pesos al imputado, con el fin de que \u00e9ste \u00faltimo realizara arreglos mec\u00e1nicos a su veh\u00edculo, los cuales no se concretaron, motivando a la v\u00edctima a retirar su autom\u00f3vil y solicitar la devoluci\u00f3n del dinero, gener\u00e1ndose as\u00ed la denuncia cursada y la correspondiente Orden de Investigar. El trabajo policial permiti\u00f3 individualizar al imputado, logrando la devoluci\u00f3n del dinero denunciado por la v\u00edctima\u201d, se\u00f1al\u00f3 el Jefe (S) de la Bridec Copiap\u00f3, subprefecto Darwin Garc\u00eda.<\/p>\n<p>&nbsp;<\/p>\n<p>El oficial policial a\u00f1adi\u00f3 que \u201clas indagatorias efectuadas permitieron esclarecer el hecho denunciado y ubicar al imputado, acreditando la inexistencia de la reparaci\u00f3n del veh\u00edculo, lo que permiti\u00f3 la devoluci\u00f3n voluntaria de los tres millones de pesos solicitados por la v\u00edctima\u201d.<\/p>\n","protected":false},"excerpt":{"rendered":"<p>\u00a0 \u00a0 \u00a0 \u00a0 \u00a0 Detectives de la Brigada Investigadora de Delitos Econ\u00f3micos (Bridec) de la PDI Copiap\u00f3, realizaron diligencias tras una investigaci\u00f3n por el&hellip; <\/p>\n","protected":false},"author":5,"featured_media":100408,"comment_status":"closed","ping_status":"closed","sticky":false,"template":"","format":"standard","meta":{"footnotes":""},"categories":[38],"tags":[],"class_list":["post-101900","post","type-post","status-publish","format-standard","has-post-thumbnail","hentry","category-portada-regional"],"_links":{"self":[{"href":"https:\/\/www.radioamigavallenar.cl\/index.php?rest_route=\/wp\/v2\/posts\/101900","targetHints":{"allow":["GET"]}}],"collection":[{"href":"https:\/\/www.radioamigavallenar.cl\/index.php?rest_route=\/wp\/v2\/posts"}],"about":[{"href":"https:\/\/www.radioamigavallenar.cl\/index.php?rest_route=\/wp\/v2\/types\/post"}],"author":[{"embeddable":true,"href":"https:\/\/www.radioamigavallenar.cl\/index.php?rest_route=\/wp\/v2\/users\/5"}],"replies":[{"embeddable":true,"href":"https:\/\/www.radioamigavallenar.cl\/index.php?rest_route=%2Fwp%2Fv2%2Fcomments&post=101900"}],"version-history":[{"count":1,"href":"https:\/\/www.radioamigavallenar.cl\/index.php?rest_route=\/wp\/v2\/posts\/101900\/revisions"}],"predecessor-version":[{"id":101901,"href":"https:\/\/www.radioamigavallenar.cl\/index.php?rest_route=\/wp\/v2\/posts\/101900\/revisions\/101901"}],"wp:featuredmedia":[{"embeddable":true,"href":"https:\/\/www.radioamigavallenar.cl\/index.php?rest_route=\/wp\/v2\/media\/100408"}],"wp:attachment":[{"href":"https:\/\/www.radioamigavallenar.cl\/index.php?rest_route=%2Fwp%2Fv2%2Fmedia&parent=101900"}],"wp:term":[{"taxonomy":"category","embeddable":true,"href":"https:\/\/www.radioamigavallenar.cl\/index.php?rest_route=%2Fwp%2Fv2%2Fcategories&post=101900"},{"taxonomy":"post_tag","embeddable":true,"href":"https:\/\/www.radioamigavallenar.cl\/index.php?rest_route=%2Fwp%2Fv2%2Ftags&post=101900"}],"curies":[{"name":"wp","href":"https:\/\/api.w.org\/{rel}","templated":true}]}}