{"id":101897,"date":"2026-04-29T00:27:19","date_gmt":"2026-04-29T04:27:19","guid":{"rendered":"https:\/\/www.radioamigavallenar.cl\/?p=101897"},"modified":"2026-04-28T23:29:45","modified_gmt":"2026-04-29T03:29:45","slug":"errores-comunicacionales-tensionan-al-gobierno-de-kast-y-desatan-criticas-transversales-2","status":"publish","type":"post","link":"https:\/\/www.radioamigavallenar.cl\/?p=101897","title":{"rendered":"Errores comunicacionales tensionan al gobierno de Kast y desatan cr\u00edticas transversales"},"content":{"rendered":"<p data-section-id=\"1ohup0n\" data-start=\"134\" data-end=\"228\">Una serie de errores comunicacionales ha puesto en el centro de las cr\u00edticas al gobierno del presidente <span class=\"hover:entity-accent entity-underline inline cursor-pointer align-baseline\"><span class=\"whitespace-normal\">Jos\u00e9 Antonio Kast<\/span><\/span>, generando cuestionamientos tanto desde el oficialismo como desde la oposici\u00f3n, particularmente hacia el equipo del denominado Segundo Piso de La Moneda.<\/p>\n<p data-start=\"671\" data-end=\"932\">Las cr\u00edticas se intensificaron tras el uso del concepto \u201cEstado en quiebra\u201d y el reciente oficio del Ministerio de Hacienda sobre el recorte de programas sociales, episodios que elevaron la tensi\u00f3n pol\u00edtica en torno a la estrategia comunicacional del Ejecutivo.<\/p>\n<h3 data-section-id=\"g0u1ee\" data-start=\"934\" data-end=\"983\"><span role=\"text\"><strong data-start=\"938\" data-end=\"983\">Cuestionamientos desde todos los sectores<\/strong><\/span><\/h3>\n<p data-start=\"985\" data-end=\"1259\">Desde los partidos de gobierno han surgido llamados a fortalecer la conducci\u00f3n pol\u00edtica y otorgar mayor protagonismo a figuras con experiencia, mientras que desde la oposici\u00f3n se ha insistido en que el Ejecutivo debe asumir que est\u00e1 administrando el Estado y no una empresa.<\/p>\n<p data-start=\"1261\" data-end=\"1447\">Entre las voces cr\u00edticas, el presidente del <span class=\"hover:entity-accent entity-underline inline cursor-pointer align-baseline\"><span class=\"whitespace-normal\">Partido Republicano de Chile<\/span><\/span>, <span class=\"hover:entity-accent entity-underline inline cursor-pointer align-baseline\"><span class=\"whitespace-normal\">Arturo Squella<\/span><\/span>, inst\u00f3 a reforzar el manejo comunicacional desde el Segundo Piso.<\/p>\n<p data-start=\"1449\" data-end=\"1644\">En tanto, el diputado <span class=\"hover:entity-accent entity-underline inline cursor-pointer align-baseline\"><span class=\"whitespace-normal\">Jorge Guzm\u00e1n<\/span><\/span> se\u00f1al\u00f3 que la falta de claridad en las comunicaciones se ha transformado en una \u201cpiedra en el zapato\u201d para la instalaci\u00f3n del Gobierno.<\/p>\n<h3 data-section-id=\"103oeaf\" data-start=\"1646\" data-end=\"1677\"><span role=\"text\"><strong data-start=\"1650\" data-end=\"1677\">El rol del Segundo Piso<\/strong><\/span><\/h3>\n<p data-start=\"1679\" data-end=\"1969\">El foco de los cuestionamientos se ha concentrado en el equipo de asesores presidenciales, encabezado por <span class=\"hover:entity-accent entity-underline inline cursor-pointer align-baseline\"><span class=\"whitespace-normal\">Alejandro Irarr\u00e1zaval<\/span><\/span>, junto a <span class=\"hover:entity-accent entity-underline inline cursor-pointer align-baseline\"><span class=\"whitespace-normal\">Cristi\u00e1n Valenzuela<\/span><\/span>, quienes han estado en el centro del debate por su influencia en las definiciones comunicacionales.<\/p>\n<p data-start=\"1971\" data-end=\"2133\">Parlamentarios de distintos sectores han coincidido en la necesidad de ajustar la estrategia y mejorar la forma en que se transmiten las decisiones del Ejecutivo.<\/p>\n<h3 data-section-id=\"1jxo1kj\" data-start=\"2135\" data-end=\"2162\"><span role=\"text\"><strong data-start=\"2139\" data-end=\"2162\">Presi\u00f3n por cambios<\/strong><\/span><\/h3>\n<p data-start=\"2164\" data-end=\"2423\">Desde otras colectividades clave, como el <span class=\"hover:entity-accent entity-underline inline cursor-pointer align-baseline\"><span class=\"whitespace-normal\">Partido Nacional Libertario<\/span><\/span> y el <span class=\"hover:entity-accent entity-underline inline cursor-pointer align-baseline\"><span class=\"whitespace-normal\">Partido de la Gente<\/span><\/span>, tambi\u00e9n han surgido llamados a realizar ajustes r\u00e1pidos para evitar que estos errores afecten el cumplimiento del programa de gobierno.<\/p>\n<p data-start=\"2425\" data-end=\"2661\">Asimismo, desde el <span class=\"hover:entity-accent entity-underline inline cursor-pointer align-baseline\"><span class=\"whitespace-normal\">Partido Comunista de Chile<\/span><\/span>, el diputado <span class=\"hover:entity-accent entity-underline inline cursor-pointer align-baseline\"><span class=\"whitespace-normal\">Boris Barrera<\/span><\/span> critic\u00f3 el enfoque del Ejecutivo, enfatizando que la administraci\u00f3n del Estado requiere una mirada distinta a la de una empresa.<\/p>\n<h3 data-section-id=\"mfe1hx\" data-start=\"2663\" data-end=\"2694\"><span role=\"text\"><strong data-start=\"2667\" data-end=\"2694\">Escenario en desarrollo<\/strong><\/span><\/h3>\n<p data-start=\"2696\" data-end=\"2886\">Las cr\u00edticas se dan en un momento clave para la instalaci\u00f3n del Gobierno, donde la coordinaci\u00f3n pol\u00edtica y la claridad en las comunicaciones resultan fundamentales para avanzar en su agenda.<\/p>\n","protected":false},"excerpt":{"rendered":"<p>Una serie de errores comunicacionales ha puesto en el centro de las cr\u00edticas al gobierno del presidente Jos\u00e9 Antonio Kast, generando cuestionamientos tanto desde el&hellip; <\/p>\n","protected":false},"author":5,"featured_media":101895,"comment_status":"closed","ping_status":"closed","sticky":false,"template":"","format":"standard","meta":{"footnotes":""},"categories":[37],"tags":[],"class_list":["post-101897","post","type-post","status-publish","format-standard","has-post-thumbnail","hentry","category-nacional"],"_links":{"self":[{"href":"https:\/\/www.radioamigavallenar.cl\/index.php?rest_route=\/wp\/v2\/posts\/101897","targetHints":{"allow":["GET"]}}],"collection":[{"href":"https:\/\/www.radioamigavallenar.cl\/index.php?rest_route=\/wp\/v2\/posts"}],"about":[{"href":"https:\/\/www.radioamigavallenar.cl\/index.php?rest_route=\/wp\/v2\/types\/post"}],"author":[{"embeddable":true,"href":"https:\/\/www.radioamigavallenar.cl\/index.php?rest_route=\/wp\/v2\/users\/5"}],"replies":[{"embeddable":true,"href":"https:\/\/www.radioamigavallenar.cl\/index.php?rest_route=%2Fwp%2Fv2%2Fcomments&post=101897"}],"version-history":[{"count":1,"href":"https:\/\/www.radioamigavallenar.cl\/index.php?rest_route=\/wp\/v2\/posts\/101897\/revisions"}],"predecessor-version":[{"id":101898,"href":"https:\/\/www.radioamigavallenar.cl\/index.php?rest_route=\/wp\/v2\/posts\/101897\/revisions\/101898"}],"wp:featuredmedia":[{"embeddable":true,"href":"https:\/\/www.radioamigavallenar.cl\/index.php?rest_route=\/wp\/v2\/media\/101895"}],"wp:attachment":[{"href":"https:\/\/www.radioamigavallenar.cl\/index.php?rest_route=%2Fwp%2Fv2%2Fmedia&parent=101897"}],"wp:term":[{"taxonomy":"category","embeddable":true,"href":"https:\/\/www.radioamigavallenar.cl\/index.php?rest_route=%2Fwp%2Fv2%2Fcategories&post=101897"},{"taxonomy":"post_tag","embeddable":true,"href":"https:\/\/www.radioamigavallenar.cl\/index.php?rest_route=%2Fwp%2Fv2%2Ftags&post=101897"}],"curies":[{"name":"wp","href":"https:\/\/api.w.org\/{rel}","templated":true}]}}