{"id":101891,"date":"2026-04-30T00:18:17","date_gmt":"2026-04-30T04:18:17","guid":{"rendered":"https:\/\/www.radioamigavallenar.cl\/?p=101891"},"modified":"2026-04-29T23:23:20","modified_gmt":"2026-04-30T03:23:20","slug":"vallenar-realizo-exitoso-encuentro-deportivo-inclusivo-para-personas-con-sindrome-de-down","status":"publish","type":"post","link":"https:\/\/www.radioamigavallenar.cl\/?p=101891","title":{"rendered":"Vallenar realizo exitoso encuentro deportivo inclusivo para personas con s\u00edndrome de Down"},"content":{"rendered":"<div class=\"xdj266r x14z9mp xat24cr x1lziwak x1vvkbs x126k92a\">\n<div dir=\"auto\"><\/div>\n<\/div>\n<div class=\"x14z9mp xat24cr x1lziwak x1vvkbs xtlvy1s x126k92a\">\n<div dir=\"auto\">Con entusiasmo y un fuerte mensaje de inclusi\u00f3n, la comuna de Vallenar dio inicio a la tercera versi\u00f3n del Encuentro Deportivo Down, una actividad que re\u00fane a delegaciones de distintos puntos del pa\u00eds en torno al deporte, la integraci\u00f3n y el compa\u00f1erismo, asi nos menciono Victor isla Lutz Alcalde de Vallenar.<\/div>\n<div dir=\"auto\"><\/div>\n<\/div>\n<div class=\"x14z9mp xat24cr x1lziwak x1vvkbs xtlvy1s x126k92a\">\n<div dir=\"auto\">Participantes provenientes del norte, como Antofagasta, y del centro-sur, como Cartagena y El Quisco, llegaron hasta la capital de la provincia del Huasco para ser parte de este campeonato inclusivo, que durante el fin de semana contempla disciplinas como b\u00e1squetbol y f\u00fatbol.<\/div>\n<div dir=\"auto\"><\/div>\n<\/div>\n<div class=\"x14z9mp xat24cr x1lziwak x1vvkbs xtlvy1s x126k92a\">\n<div dir=\"auto\">Desde el municipio anfitri\u00f3n destacaron el sentido de la iniciativa, subrayando que m\u00e1s all\u00e1 de los resultados deportivos, el foco est\u00e1 en \u201cromper barreras, fomentar la inclusi\u00f3n y celebrar el amor por el deporte\u201d.<\/div>\n<div dir=\"auto\"><\/div>\n<\/div>\n<div class=\"x14z9mp xat24cr x1lziwak x1vvkbs xtlvy1s x126k92a\">\n<div dir=\"auto\">Las familias tambi\u00e9n valoraron la organizaci\u00f3n del evento. Fernando Bruna, apoderado de una jugadora del Club Deportivo S\u00faper Alfa de Cartagena, expres\u00f3 su satisfacci\u00f3n por la acogida: se\u00f1al\u00f3 que se han sentido \u201cmuy bien atendidos\u201d y destac\u00f3 el compromiso de todas las delegaciones participantes.<\/div>\n<div dir=\"auto\"><\/div>\n<\/div>\n<div class=\"x14z9mp xat24cr x1lziwak x1vvkbs xtlvy1s x126k92a\">\n<div dir=\"auto\">En la cancha, el entusiasmo de los deportistas ha sido protagonista. Guillermo, conocido cari\u00f1osamente como \u201cMemo\u201d, celebr\u00f3 el triunfo de su equipo en baby f\u00fatbol y manifest\u00f3 su alegr\u00eda por compartir con sus amigos, mostrando confianza en seguir obteniendo buenos resultados en el campeonato.<\/div>\n<div dir=\"auto\"><\/div>\n<\/div>\n<div class=\"x14z9mp xat24cr x1lziwak x1vvkbs xtlvy1s x126k92a\">\n<div dir=\"auto\">Otros participantes, como Fernanda y Antonio del equipo S\u00faper Alfa, coincidieron en resaltar el buen ambiente del encuentro, destacando la convivencia, el trabajo en equipo y la oportunidad de desarrollar distintas habilidades, tanto deportivas como culturales.<\/div>\n<div dir=\"auto\"><\/div>\n<\/div>\n<div class=\"x14z9mp xat24cr x1lziwak x1vvkbs xtlvy1s x126k92a\">\n<div dir=\"auto\">El Encuentro Deportivo Down en Vallenar se consolida as\u00ed como una instancia que promueve la inclusi\u00f3n real, generando espacios donde el deporte se transforma en una herramienta de integraci\u00f3n, respeto y desarrollo personal para todos sus participantes.<\/div>\n<\/div>\n","protected":false},"excerpt":{"rendered":"<p>Con entusiasmo y un fuerte mensaje de inclusi\u00f3n, la comuna de Vallenar dio inicio a la tercera versi\u00f3n del Encuentro Deportivo Down, una actividad que&hellip; <\/p>\n","protected":false},"author":5,"featured_media":101892,"comment_status":"closed","ping_status":"closed","sticky":false,"template":"","format":"standard","meta":{"footnotes":""},"categories":[7],"tags":[],"class_list":["post-101891","post","type-post","status-publish","format-standard","has-post-thumbnail","hentry","category-atacama"],"_links":{"self":[{"href":"https:\/\/www.radioamigavallenar.cl\/index.php?rest_route=\/wp\/v2\/posts\/101891","targetHints":{"allow":["GET"]}}],"collection":[{"href":"https:\/\/www.radioamigavallenar.cl\/index.php?rest_route=\/wp\/v2\/posts"}],"about":[{"href":"https:\/\/www.radioamigavallenar.cl\/index.php?rest_route=\/wp\/v2\/types\/post"}],"author":[{"embeddable":true,"href":"https:\/\/www.radioamigavallenar.cl\/index.php?rest_route=\/wp\/v2\/users\/5"}],"replies":[{"embeddable":true,"href":"https:\/\/www.radioamigavallenar.cl\/index.php?rest_route=%2Fwp%2Fv2%2Fcomments&post=101891"}],"version-history":[{"count":1,"href":"https:\/\/www.radioamigavallenar.cl\/index.php?rest_route=\/wp\/v2\/posts\/101891\/revisions"}],"predecessor-version":[{"id":101893,"href":"https:\/\/www.radioamigavallenar.cl\/index.php?rest_route=\/wp\/v2\/posts\/101891\/revisions\/101893"}],"wp:featuredmedia":[{"embeddable":true,"href":"https:\/\/www.radioamigavallenar.cl\/index.php?rest_route=\/wp\/v2\/media\/101892"}],"wp:attachment":[{"href":"https:\/\/www.radioamigavallenar.cl\/index.php?rest_route=%2Fwp%2Fv2%2Fmedia&parent=101891"}],"wp:term":[{"taxonomy":"category","embeddable":true,"href":"https:\/\/www.radioamigavallenar.cl\/index.php?rest_route=%2Fwp%2Fv2%2Fcategories&post=101891"},{"taxonomy":"post_tag","embeddable":true,"href":"https:\/\/www.radioamigavallenar.cl\/index.php?rest_route=%2Fwp%2Fv2%2Ftags&post=101891"}],"curies":[{"name":"wp","href":"https:\/\/api.w.org\/{rel}","templated":true}]}}