{"id":101889,"date":"2026-04-29T00:14:39","date_gmt":"2026-04-29T04:14:39","guid":{"rendered":"https:\/\/www.radioamigavallenar.cl\/?p=101889"},"modified":"2026-04-28T23:15:42","modified_gmt":"2026-04-29T03:15:42","slug":"subsidio-electrico-2026-revisa-requisitos-montos-y-fechas-de-la-nueva-convocatoria","status":"publish","type":"post","link":"https:\/\/www.radioamigavallenar.cl\/?p=101889","title":{"rendered":"Subsidio El\u00e9ctrico 2026: revisa requisitos, montos y fechas de la nueva convocatoria"},"content":{"rendered":"<p data-start=\"220\" data-end=\"345\"><strong data-start=\"220\" data-end=\"345\">El beneficio abrir\u00e1 su quinta postulaci\u00f3n el 26 de mayo y entregar\u00e1 descuentos en la cuenta de la luz durante seis meses.<\/strong><\/p>\n<p data-start=\"347\" data-end=\"631\">El <span class=\"hover:entity-accent entity-underline inline cursor-pointer align-baseline\"><span class=\"whitespace-normal\">Ministerio de Energ\u00eda de Chile<\/span><\/span> confirm\u00f3 la apertura de una nueva convocatoria del Subsidio El\u00e9ctrico 2026, proceso que comenzar\u00e1 el pr\u00f3ximo 26 de mayo y que permitir\u00e1 a miles de hogares acceder a descuentos en sus cuentas de electricidad durante el segundo semestre del a\u00f1o.<\/p>\n<p data-start=\"633\" data-end=\"807\">El beneficio se extender\u00e1 por seis meses, iniciando su aplicaci\u00f3n en septiembre, y se entregar\u00e1 de manera mensual como un descuento directo en la boleta de consumo el\u00e9ctrico.<\/p>\n<h3 data-section-id=\"e1gzt\" data-start=\"809\" data-end=\"837\"><span role=\"text\"><strong data-start=\"813\" data-end=\"837\">Montos del beneficio<\/strong><\/span><\/h3>\n<p data-start=\"839\" data-end=\"905\">Los valores del subsidio depender\u00e1n del tama\u00f1o del grupo familiar:<\/p>\n<ul data-start=\"907\" data-end=\"996\">\n<li data-section-id=\"1cbp5nn\" data-start=\"907\" data-end=\"932\">1 integrante: $17.346<\/li>\n<li data-section-id=\"qqj5in\" data-start=\"933\" data-end=\"963\">2 a 3 integrantes: $22.548<\/li>\n<li data-section-id=\"1vvjlpg\" data-start=\"964\" data-end=\"996\">4 o m\u00e1s integrantes: $31.224<\/li>\n<\/ul>\n<p data-start=\"998\" data-end=\"1141\">Estos montos se dividen en seis cuotas mensuales. Por ejemplo, una familia que reciba el m\u00e1ximo obtendr\u00e1 un descuento cercano a $5.204 por mes.<\/p>\n<h3 data-section-id=\"1xnh9qf\" data-start=\"1143\" data-end=\"1176\"><span role=\"text\"><strong data-start=\"1147\" data-end=\"1176\">\u00bfQui\u00e9nes pueden postular?<\/strong><\/span><\/h3>\n<p data-start=\"1178\" data-end=\"1310\">Seg\u00fan lo informado, quienes ya reciben el subsidio y mantengan sus condiciones acceder\u00e1n a una postulaci\u00f3n autom\u00e1tica con prioridad.<\/p>\n<p data-start=\"1312\" data-end=\"1353\">En tanto, los nuevos postulantes deber\u00e1n:<\/p>\n<ul data-start=\"1355\" data-end=\"1636\">\n<li data-section-id=\"1t3y9cm\" data-start=\"1355\" data-end=\"1381\">Ser mayores de 18 a\u00f1os<\/li>\n<li data-section-id=\"1m780xu\" data-start=\"1382\" data-end=\"1445\">Estar inscritos en el <span class=\"hover:entity-accent entity-underline inline cursor-pointer align-baseline\"><span class=\"whitespace-normal\">Registro Social de Hogares<\/span><\/span><\/li>\n<li data-section-id=\"1a6lnql\" data-start=\"1446\" data-end=\"1636\">Cumplir al menos una de estas condiciones:\n<ul data-start=\"1495\" data-end=\"1636\">\n<li data-section-id=\"1ohwphs\" data-start=\"1495\" data-end=\"1568\">Pertenecer al 40% m\u00e1s vulnerable seg\u00fan la Calificaci\u00f3n Socioecon\u00f3mica<\/li>\n<li data-section-id=\"1o7yzul\" data-start=\"1571\" data-end=\"1636\">Tener en el hogar a una persona electrodependiente registrada<\/li>\n<\/ul>\n<\/li>\n<\/ul>\n<p data-start=\"1638\" data-end=\"1788\">Adem\u00e1s, deben ser clientes residenciales (propietarios o arrendatarios) y estar al d\u00eda en el pago de la cuenta de electricidad al 22 de junio de 2026.<\/p>\n<h3 data-section-id=\"14mnqjf\" data-start=\"1790\" data-end=\"1822\"><span role=\"text\"><strong data-start=\"1794\" data-end=\"1822\">Fechas clave del proceso<\/strong><\/span><\/h3>\n<ul data-start=\"1824\" data-end=\"1951\">\n<li data-section-id=\"knvy6x\" data-start=\"1824\" data-end=\"1869\">Postulaci\u00f3n: del 26 de mayo al 5 de junio<\/li>\n<li data-section-id=\"tpto8\" data-start=\"1870\" data-end=\"1910\">Resultados: segunda semana de agosto<\/li>\n<li data-section-id=\"a76prp\" data-start=\"1911\" data-end=\"1951\">Pago del beneficio: desde septiembre<\/li>\n<\/ul>\n<p data-start=\"1953\" data-end=\"2044\">La postulaci\u00f3n se realizar\u00e1 a trav\u00e9s de la plataforma oficial habilitada para este proceso.<\/p>\n<h3 data-section-id=\"zhim2a\" data-start=\"2046\" data-end=\"2076\"><span role=\"text\"><strong data-start=\"2050\" data-end=\"2076\">Requisitos adicionales<\/strong><\/span><\/h3>\n<p data-start=\"2078\" data-end=\"2281\">El Gobierno considera \u201cal d\u00eda\u201d a quienes no tengan orden de corte de suministro o hayan regularizado su situaci\u00f3n mediante convenios de pago con las empresas el\u00e9ctricas dentro de los plazos establecidos.<\/p>\n","protected":false},"excerpt":{"rendered":"<p>El beneficio abrir\u00e1 su quinta postulaci\u00f3n el 26 de mayo y entregar\u00e1 descuentos en la cuenta de la luz durante seis meses. El Ministerio de&hellip; <\/p>\n","protected":false},"author":5,"featured_media":82678,"comment_status":"closed","ping_status":"closed","sticky":false,"template":"","format":"standard","meta":{"footnotes":""},"categories":[37],"tags":[],"class_list":["post-101889","post","type-post","status-publish","format-standard","has-post-thumbnail","hentry","category-nacional"],"_links":{"self":[{"href":"https:\/\/www.radioamigavallenar.cl\/index.php?rest_route=\/wp\/v2\/posts\/101889","targetHints":{"allow":["GET"]}}],"collection":[{"href":"https:\/\/www.radioamigavallenar.cl\/index.php?rest_route=\/wp\/v2\/posts"}],"about":[{"href":"https:\/\/www.radioamigavallenar.cl\/index.php?rest_route=\/wp\/v2\/types\/post"}],"author":[{"embeddable":true,"href":"https:\/\/www.radioamigavallenar.cl\/index.php?rest_route=\/wp\/v2\/users\/5"}],"replies":[{"embeddable":true,"href":"https:\/\/www.radioamigavallenar.cl\/index.php?rest_route=%2Fwp%2Fv2%2Fcomments&post=101889"}],"version-history":[{"count":1,"href":"https:\/\/www.radioamigavallenar.cl\/index.php?rest_route=\/wp\/v2\/posts\/101889\/revisions"}],"predecessor-version":[{"id":101890,"href":"https:\/\/www.radioamigavallenar.cl\/index.php?rest_route=\/wp\/v2\/posts\/101889\/revisions\/101890"}],"wp:featuredmedia":[{"embeddable":true,"href":"https:\/\/www.radioamigavallenar.cl\/index.php?rest_route=\/wp\/v2\/media\/82678"}],"wp:attachment":[{"href":"https:\/\/www.radioamigavallenar.cl\/index.php?rest_route=%2Fwp%2Fv2%2Fmedia&parent=101889"}],"wp:term":[{"taxonomy":"category","embeddable":true,"href":"https:\/\/www.radioamigavallenar.cl\/index.php?rest_route=%2Fwp%2Fv2%2Fcategories&post=101889"},{"taxonomy":"post_tag","embeddable":true,"href":"https:\/\/www.radioamigavallenar.cl\/index.php?rest_route=%2Fwp%2Fv2%2Ftags&post=101889"}],"curies":[{"name":"wp","href":"https:\/\/api.w.org\/{rel}","templated":true}]}}