{"id":101883,"date":"2026-04-29T00:08:45","date_gmt":"2026-04-29T04:08:45","guid":{"rendered":"https:\/\/www.radioamigavallenar.cl\/?p=101883"},"modified":"2026-04-28T23:10:20","modified_gmt":"2026-04-29T03:10:20","slug":"mop-inicia-obras-para-reforzar-la-seguridad-del-aerodromo-de-vallenar","status":"publish","type":"post","link":"https:\/\/www.radioamigavallenar.cl\/?p=101883","title":{"rendered":"MOP inicia obras para reforzar la seguridad del aer\u00f3dromo de Vallenar"},"content":{"rendered":"<p>La intervenci\u00f3n permitir\u00e1 mejorar las condiciones de funcionamiento del recinto, resguardando su rol estrat\u00e9gico en conectividad, emergencias y apoyo a\u00e9reo en la provincia del Huasco.<\/p>\n<p>El Ministerio de Obras P\u00fablicas, a trav\u00e9s de la Direcci\u00f3n de Aeropuertos, dio inicio a las obras de conservaci\u00f3n rutinaria del \u00e1rea de movimiento del aer\u00f3dromo de Vallenar, iniciativa orientada a fortalecer la seguridad, operatividad y continuidad de las operaciones a\u00e9reas en este recinto estrat\u00e9gico para la provincia del Huasco.<\/p>\n<p>El proyecto, que considera una inversi\u00f3n superior a los $1.314 millones y un plazo de ejecuci\u00f3n de 180 d\u00edas, contempla intervenciones en el cerco y camino perimetral, el camino perimetral y la incorporaci\u00f3n de ayudas visuales, con el objetivo de resguardar la infraestructura y mejorar las condiciones de vigilancia e inspecci\u00f3n del aer\u00f3dromo.<\/p>\n<p>Estas obras responden a la necesidad de reforzar la seguridad del recinto, luego de diversos eventos que han evidenciado vulnerabilidades en su operaci\u00f3n, tales como accesos no autorizados, deterioro de infraestructura y afectaci\u00f3n a sistemas clave para su funcionamiento.<br \/>\nEn este contexto, el Seremi (s) de Obras P\u00fablicas, V\u00edctor Herrera Werner, se\u00f1al\u00f3 \u201ccomo Ministerio estamos impulsando obras que no solo mejoran la infraestructura, sino que tambi\u00e9n fortalecen la seguridad y continuidad operativa de recintos estrat\u00e9gicos como el aer\u00f3dromo de Vallenar, en l\u00ednea con los desaf\u00edos definidos por el Gobierno del Presidente Jos\u00e9 Antonio Kast y el Ministro de Obras P\u00fablicas, Mart\u00edn Arrau.<\/p>\n<p>Este tipo de proyectos permite asegurar condiciones adecuadas para la conectividad a\u00e9rea, especialmente en situaciones de emergencia y apoyo a la comunidad\u201d.<br \/>\nPor su parte, la Directora Regional de Aeropuertos, Daniela Covarrubias Fraser, destac\u00f3 que \u201cestas intervenciones permitir\u00e1n mejorar significativamente las condiciones actuales del aer\u00f3dromo, abordando puntos cr\u00edticos en materia de seguridad y operaci\u00f3n, lo que resulta fundamental para garantizar su funcionamiento en est\u00e1ndares adecuados\u201d.<\/p>\n<p>Cabe destacar que el aer\u00f3dromo de Vallenar cumple un rol clave en la conectividad a\u00e9rea de la provincia, siendo utilizado para operaciones de aviaci\u00f3n general, vuelos aerom\u00e9dicos, apoyo en emergencias y otras labores estrat\u00e9gicas para el territorio.<\/p>\n<p>Adem\u00e1s, la ejecuci\u00f3n del proyecto permitir\u00e1 generar empleo local, con un promedio estimado de 18 trabajadores mensuales, contribuyendo a la dinamizaci\u00f3n de la econom\u00eda en la comuna.<\/p>\n","protected":false},"excerpt":{"rendered":"<p>La intervenci\u00f3n permitir\u00e1 mejorar las condiciones de funcionamiento del recinto, resguardando su rol estrat\u00e9gico en conectividad, emergencias y apoyo a\u00e9reo en la provincia del Huasco.&hellip; <\/p>\n","protected":false},"author":5,"featured_media":101884,"comment_status":"closed","ping_status":"closed","sticky":false,"template":"","format":"standard","meta":{"footnotes":""},"categories":[38],"tags":[],"class_list":["post-101883","post","type-post","status-publish","format-standard","has-post-thumbnail","hentry","category-portada-regional"],"_links":{"self":[{"href":"https:\/\/www.radioamigavallenar.cl\/index.php?rest_route=\/wp\/v2\/posts\/101883","targetHints":{"allow":["GET"]}}],"collection":[{"href":"https:\/\/www.radioamigavallenar.cl\/index.php?rest_route=\/wp\/v2\/posts"}],"about":[{"href":"https:\/\/www.radioamigavallenar.cl\/index.php?rest_route=\/wp\/v2\/types\/post"}],"author":[{"embeddable":true,"href":"https:\/\/www.radioamigavallenar.cl\/index.php?rest_route=\/wp\/v2\/users\/5"}],"replies":[{"embeddable":true,"href":"https:\/\/www.radioamigavallenar.cl\/index.php?rest_route=%2Fwp%2Fv2%2Fcomments&post=101883"}],"version-history":[{"count":1,"href":"https:\/\/www.radioamigavallenar.cl\/index.php?rest_route=\/wp\/v2\/posts\/101883\/revisions"}],"predecessor-version":[{"id":101885,"href":"https:\/\/www.radioamigavallenar.cl\/index.php?rest_route=\/wp\/v2\/posts\/101883\/revisions\/101885"}],"wp:featuredmedia":[{"embeddable":true,"href":"https:\/\/www.radioamigavallenar.cl\/index.php?rest_route=\/wp\/v2\/media\/101884"}],"wp:attachment":[{"href":"https:\/\/www.radioamigavallenar.cl\/index.php?rest_route=%2Fwp%2Fv2%2Fmedia&parent=101883"}],"wp:term":[{"taxonomy":"category","embeddable":true,"href":"https:\/\/www.radioamigavallenar.cl\/index.php?rest_route=%2Fwp%2Fv2%2Fcategories&post=101883"},{"taxonomy":"post_tag","embeddable":true,"href":"https:\/\/www.radioamigavallenar.cl\/index.php?rest_route=%2Fwp%2Fv2%2Ftags&post=101883"}],"curies":[{"name":"wp","href":"https:\/\/api.w.org\/{rel}","templated":true}]}}