{"id":101876,"date":"2026-04-29T00:59:23","date_gmt":"2026-04-29T04:59:23","guid":{"rendered":"https:\/\/www.radioamigavallenar.cl\/?p=101876"},"modified":"2026-04-28T23:00:35","modified_gmt":"2026-04-29T03:00:35","slug":"municipalidad-de-freirina-fortalece-vinculos-para-impulsar-desarrollo-territorial-sostenible","status":"publish","type":"post","link":"https:\/\/www.radioamigavallenar.cl\/?p=101876","title":{"rendered":"Municipalidad de Freirina fortalece v\u00ednculos para impulsar desarrollo territorial sostenible"},"content":{"rendered":"<p>La reuni\u00f3n con Fundaci\u00f3n Acci\u00f3n Colectiva permiti\u00f3 presentar el proyecto \u201cNorte Inspira\u201d, enfocado en resiliencia comunitaria y diversificaci\u00f3n econ\u00f3mica.<\/p>\n<p data-start=\"391\" data-end=\"633\">La <span class=\"hover:entity-accent entity-underline inline cursor-pointer align-baseline\"><span class=\"whitespace-normal\">Municipalidad de Freirina<\/span><\/span> sostuvo un encuentro con la <span class=\"hover:entity-accent entity-underline inline cursor-pointer align-baseline\"><span class=\"whitespace-normal\">Fundaci\u00f3n Acci\u00f3n Colectiva<\/span><\/span>, instancia en la que se abordaron nuevas oportunidades de colaboraci\u00f3n para promover el desarrollo territorial sostenible en la comuna.<\/p>\n<p data-start=\"635\" data-end=\"944\">Durante la jornada, el alcalde <span class=\"hover:entity-accent entity-underline inline cursor-pointer align-baseline\"><span class=\"whitespace-normal\">Fernando Ruhl P\u00e9rez<\/span><\/span> recibi\u00f3 al equipo de la fundaci\u00f3n, quienes presentaron el proyecto \u201cNorte Inspira\u201d, iniciativa orientada a fortalecer la resiliencia comunitaria, impulsar la diversificaci\u00f3n econ\u00f3mica y fomentar el crecimiento de comunas del norte de Chile.<\/p>\n<h3 data-section-id=\"1jqmqfn\" data-start=\"946\" data-end=\"996\"><span role=\"text\"><strong data-start=\"950\" data-end=\"996\">Enfoque territorial y trabajo colaborativo<\/strong><\/span><\/h3>\n<p data-start=\"998\" data-end=\"1262\">En la reuni\u00f3n, se expuso una metodolog\u00eda basada en procesos de codise\u00f1o territorial, que busca trabajar junto a actores locales para identificar prioridades, fortalecer la articulaci\u00f3n institucional y dise\u00f1ar iniciativas con pertinencia y proyecci\u00f3n a largo plazo.<\/p>\n<p data-start=\"1264\" data-end=\"1533\">Asimismo, se analizaron distintas oportunidades de trabajo conjunto con el municipio, incluyendo el levantamiento de necesidades comunales, la identificaci\u00f3n de actores relevantes y la evaluaci\u00f3n de condiciones para la eventual implementaci\u00f3n del proyecto en la comuna.<\/p>\n<p data-start=\"1575\" data-end=\"1768\">\n","protected":false},"excerpt":{"rendered":"<p>La reuni\u00f3n con Fundaci\u00f3n Acci\u00f3n Colectiva permiti\u00f3 presentar el proyecto \u201cNorte Inspira\u201d, enfocado en resiliencia comunitaria y diversificaci\u00f3n econ\u00f3mica. La Municipalidad de Freirina sostuvo un&hellip; <\/p>\n","protected":false},"author":5,"featured_media":101877,"comment_status":"closed","ping_status":"closed","sticky":false,"template":"","format":"standard","meta":{"footnotes":""},"categories":[38],"tags":[],"class_list":["post-101876","post","type-post","status-publish","format-standard","has-post-thumbnail","hentry","category-portada-regional"],"_links":{"self":[{"href":"https:\/\/www.radioamigavallenar.cl\/index.php?rest_route=\/wp\/v2\/posts\/101876","targetHints":{"allow":["GET"]}}],"collection":[{"href":"https:\/\/www.radioamigavallenar.cl\/index.php?rest_route=\/wp\/v2\/posts"}],"about":[{"href":"https:\/\/www.radioamigavallenar.cl\/index.php?rest_route=\/wp\/v2\/types\/post"}],"author":[{"embeddable":true,"href":"https:\/\/www.radioamigavallenar.cl\/index.php?rest_route=\/wp\/v2\/users\/5"}],"replies":[{"embeddable":true,"href":"https:\/\/www.radioamigavallenar.cl\/index.php?rest_route=%2Fwp%2Fv2%2Fcomments&post=101876"}],"version-history":[{"count":1,"href":"https:\/\/www.radioamigavallenar.cl\/index.php?rest_route=\/wp\/v2\/posts\/101876\/revisions"}],"predecessor-version":[{"id":101878,"href":"https:\/\/www.radioamigavallenar.cl\/index.php?rest_route=\/wp\/v2\/posts\/101876\/revisions\/101878"}],"wp:featuredmedia":[{"embeddable":true,"href":"https:\/\/www.radioamigavallenar.cl\/index.php?rest_route=\/wp\/v2\/media\/101877"}],"wp:attachment":[{"href":"https:\/\/www.radioamigavallenar.cl\/index.php?rest_route=%2Fwp%2Fv2%2Fmedia&parent=101876"}],"wp:term":[{"taxonomy":"category","embeddable":true,"href":"https:\/\/www.radioamigavallenar.cl\/index.php?rest_route=%2Fwp%2Fv2%2Fcategories&post=101876"},{"taxonomy":"post_tag","embeddable":true,"href":"https:\/\/www.radioamigavallenar.cl\/index.php?rest_route=%2Fwp%2Fv2%2Ftags&post=101876"}],"curies":[{"name":"wp","href":"https:\/\/api.w.org\/{rel}","templated":true}]}}