{"id":101873,"date":"2026-04-29T00:51:39","date_gmt":"2026-04-29T04:51:39","guid":{"rendered":"https:\/\/www.radioamigavallenar.cl\/?p=101873"},"modified":"2026-04-28T22:53:12","modified_gmt":"2026-04-29T02:53:12","slug":"junji-atacama-lanza-segunda-version-de-concurso-que-promueve-creatividad-y-sostenibilidad-en-la-educacion-parvularia","status":"publish","type":"post","link":"https:\/\/www.radioamigavallenar.cl\/?p=101873","title":{"rendered":"JUNJI Atacama lanza segunda versi\u00f3n de concurso que promueve creatividad y sostenibilidad en la educaci\u00f3n parvularia"},"content":{"rendered":"<div class=\"xdj266r x14z9mp xat24cr x1lziwak x1vvkbs x126k92a\">\n<div dir=\"auto\"><\/div>\n<\/div>\n<div class=\"x14z9mp xat24cr x1lziwak x1vvkbs xtlvy1s x126k92a\">\n<div dir=\"auto\">La iniciativa convoca a estudiantes de liceos t\u00e9cnico-profesionales a dise\u00f1ar material did\u00e1ctico con elementos reutilizables, fortaleciendo la educaci\u00f3n ambiental desde la primera infancia.<\/div>\n<\/div>\n<div class=\"x14z9mp xat24cr x1lziwak x1vvkbs xtlvy1s x126k92a\">\n<div dir=\"auto\">En el marco de la conmemoraci\u00f3n de los 56 a\u00f1os de la Junta Nacional de Jardines Infantiles (JUNJI) y los 54 a\u00f1os de su presencia en la regi\u00f3n, JUNJI Atacama realiz\u00f3 el lanzamiento oficial de la segunda versi\u00f3n del concurso \u201cEmociones, Creatividad y Sostenibilidad en el material did\u00e1ctico para la Primera Infancia\u201d, instancia que busca fomentar la innovaci\u00f3n pedag\u00f3gica con enfoque sustentable.<\/div>\n<div dir=\"auto\"><\/div>\n<\/div>\n<div class=\"x14z9mp xat24cr x1lziwak x1vvkbs xtlvy1s x126k92a\">\n<div dir=\"auto\">La actividad se desarroll\u00f3 en dependencias del Liceo Jos\u00e9 Antonio Carvajal, contando con la participaci\u00f3n de autoridades regionales, equipos educativos y estudiantes de la especialidad de Atenci\u00f3n de P\u00e1rvulos de distintos liceos t\u00e9cnico-profesionales de Atacama.<\/div>\n<div dir=\"auto\"><\/div>\n<div dir=\"auto\">Durante la jornada, la directora regional (s) de JUNJI Atacama, Alejandra Catal\u00e1n Osorio, destac\u00f3 la relevancia de este tipo de iniciativas, se\u00f1alando que \u201cla educaci\u00f3n parvularia es clave para formar desde temprana edad una ciudadan\u00eda consciente y comprometida con el cuidado del medioambiente\u201d.<\/div>\n<div dir=\"auto\"><\/div>\n<\/div>\n<div class=\"x14z9mp xat24cr x1lziwak x1vvkbs xtlvy1s x126k92a\">\n<div dir=\"auto\">El concurso tiene como prop\u00f3sito posicionar a ni\u00f1as, ni\u00f1os y j\u00f3venes como agentes de cambio, promoviendo el desarrollo de material did\u00e1ctico a partir de elementos reciclados, integrando creatividad, emociones y sostenibilidad en los procesos de ense\u00f1anza-aprendizaje.<\/div>\n<div dir=\"auto\"><\/div>\n<\/div>\n<div class=\"x14z9mp xat24cr x1lziwak x1vvkbs xtlvy1s x126k92a\">\n<div dir=\"auto\">La primera versi\u00f3n, desarrollada durante 2025, permiti\u00f3 generar importantes alianzas interinstitucionales y evidenci\u00f3 el talento y compromiso de las y los estudiantes participantes. Entre los proyectos destacados estuvieron \u201cRueditas Fantas\u00eda\u201d, \u201cLa Orquesta de los Pl\u00e1sticos\u201d y \u201cEl Castillo de T\u00edteres\u201d, propuestas que incorporaron el reciclaje como herramienta pedag\u00f3gica.<\/div>\n<\/div>\n<div class=\"x14z9mp xat24cr x1lziwak x1vvkbs xtlvy1s x126k92a\">\n<div dir=\"auto\"><\/div>\n<div dir=\"auto\">En esta nueva versi\u00f3n, la convocatoria est\u00e1 dirigida a estudiantes de tercero medio de liceos t\u00e9cnico-profesionales de la regi\u00f3n, quienes deber\u00e1n desarrollar propuestas innovadoras que aporten a la educaci\u00f3n inicial con enfoque sustentable.<\/div>\n<div dir=\"auto\"><\/div>\n<\/div>\n<div class=\"x14z9mp xat24cr x1lziwak x1vvkbs xtlvy1s x126k92a\">\n<div dir=\"auto\">Uno de los momentos m\u00e1s llamativos de la jornada fue la presentaci\u00f3n art\u00edstica de un d\u00fao de mimos del Jard\u00edn Infantil \u201cPiol\u00edn\u201d, quienes, a trav\u00e9s del lenguaje corporal, transmitieron un potente mensaje sobre la importancia de la conciencia ambiental.<\/div>\n<div dir=\"auto\"><\/div>\n<div dir=\"auto\">La actividad concluy\u00f3 con la entrega simb\u00f3lica de las bases del concurso y materiales reciclables a los establecimientos participantes, marcando as\u00ed el inicio de un nuevo proceso creativo que busca impactar positivamente en la educaci\u00f3n de la primera infancia en Atacama.<\/div>\n<\/div>\n","protected":false},"excerpt":{"rendered":"<p>La iniciativa convoca a estudiantes de liceos t\u00e9cnico-profesionales a dise\u00f1ar material did\u00e1ctico con elementos reutilizables, fortaleciendo la educaci\u00f3n ambiental desde la primera infancia. En el&hellip; <\/p>\n","protected":false},"author":5,"featured_media":101874,"comment_status":"closed","ping_status":"closed","sticky":false,"template":"","format":"standard","meta":{"footnotes":""},"categories":[7],"tags":[],"class_list":["post-101873","post","type-post","status-publish","format-standard","has-post-thumbnail","hentry","category-atacama"],"_links":{"self":[{"href":"https:\/\/www.radioamigavallenar.cl\/index.php?rest_route=\/wp\/v2\/posts\/101873","targetHints":{"allow":["GET"]}}],"collection":[{"href":"https:\/\/www.radioamigavallenar.cl\/index.php?rest_route=\/wp\/v2\/posts"}],"about":[{"href":"https:\/\/www.radioamigavallenar.cl\/index.php?rest_route=\/wp\/v2\/types\/post"}],"author":[{"embeddable":true,"href":"https:\/\/www.radioamigavallenar.cl\/index.php?rest_route=\/wp\/v2\/users\/5"}],"replies":[{"embeddable":true,"href":"https:\/\/www.radioamigavallenar.cl\/index.php?rest_route=%2Fwp%2Fv2%2Fcomments&post=101873"}],"version-history":[{"count":1,"href":"https:\/\/www.radioamigavallenar.cl\/index.php?rest_route=\/wp\/v2\/posts\/101873\/revisions"}],"predecessor-version":[{"id":101875,"href":"https:\/\/www.radioamigavallenar.cl\/index.php?rest_route=\/wp\/v2\/posts\/101873\/revisions\/101875"}],"wp:featuredmedia":[{"embeddable":true,"href":"https:\/\/www.radioamigavallenar.cl\/index.php?rest_route=\/wp\/v2\/media\/101874"}],"wp:attachment":[{"href":"https:\/\/www.radioamigavallenar.cl\/index.php?rest_route=%2Fwp%2Fv2%2Fmedia&parent=101873"}],"wp:term":[{"taxonomy":"category","embeddable":true,"href":"https:\/\/www.radioamigavallenar.cl\/index.php?rest_route=%2Fwp%2Fv2%2Fcategories&post=101873"},{"taxonomy":"post_tag","embeddable":true,"href":"https:\/\/www.radioamigavallenar.cl\/index.php?rest_route=%2Fwp%2Fv2%2Ftags&post=101873"}],"curies":[{"name":"wp","href":"https:\/\/api.w.org\/{rel}","templated":true}]}}